{"id":340914,"date":"2025-08-24T16:04:11","date_gmt":"2025-08-24T16:04:11","guid":{"rendered":"https:\/\/www.europesays.com\/fr\/340914\/"},"modified":"2025-08-24T16:04:11","modified_gmt":"2025-08-24T16:04:11","slug":"des-bottes-de-foin-en-feu-dans-un-secteur-boise-de-six-fours","status":"publish","type":"post","link":"https:\/\/www.europesays.com\/fr\/340914\/","title":{"rendered":"Des bottes de foin en feu dans un secteur bois\u00e9 de Six-Fours"},"content":{"rendered":"<p>Ce dimanche \u00e0 14h, les pompiers sont intervenus chemin de Courrens, \u00e0 Six-Fours. Un feu s\u2019est d\u00e9clar\u00e9 dans le chargement d\u2019un poids lourd contenant des bottes de foin.<\/p>\n<p>Face au risque \u00e9lev\u00e9 de propagation dans ce secteur bois\u00e9 de la commune, un important dispositif a \u00e9t\u00e9 engag\u00e9. Au plus fort de l\u2019action, 3 fourgons incendie, 6 camions-citerne de grande capacit\u00e9, 2 v\u00e9hicules de commandement et 2h\u00e9licopt\u00e8res bombardiers d\u2019eau. 40 sapeurs-pompiers au total \u00e9taient sur place. Heureusement, ils sont parvenus \u00e0 contenir le sinistre dans le v\u00e9hicule et \u00e9pargn\u00e9 la v\u00e9g\u00e9tation environnante.<\/p>\n<p>\u00a0<\/p>\n","protected":false},"excerpt":{"rendered":"Ce dimanche \u00e0 14h, les pompiers sont intervenus chemin de Courrens, \u00e0 Six-Fours. Un feu s\u2019est d\u00e9clar\u00e9 dans&hellip;\n","protected":false},"author":2,"featured_media":340915,"comment_status":"","ping_status":"","sticky":false,"template":"","format":"standard","meta":{"footnotes":""},"categories":[9619],"tags":[1111,11,1777,674,118,1011,27,12,882,25,2310,3366],"class_list":{"0":"post-340914","1":"post","2":"type-post","3":"status-publish","4":"format-standard","5":"has-post-thumbnail","7":"category-toulon","8":"tag-actu","9":"tag-actualites","10":"tag-eu","11":"tag-europe","12":"tag-faits-divers","13":"tag-fr","14":"tag-france","15":"tag-news","16":"tag-provence-alpes-cote-dazur","17":"tag-republique-francaise","18":"tag-toulon","19":"tag-vie-locale"},"share_on_mastodon":{"url":"https:\/\/pubeurope.com\/@fr\/115084595304766576","error":""},"_links":{"self":[{"href":"https:\/\/www.europesays.com\/fr\/wp-json\/wp\/v2\/posts\/340914","targetHints":{"allow":["GET"]}}],"collection":[{"href":"https:\/\/www.europesays.com\/fr\/wp-json\/wp\/v2\/posts"}],"about":[{"href":"https:\/\/www.europesays.com\/fr\/wp-json\/wp\/v2\/types\/post"}],"author":[{"embeddable":true,"href":"https:\/\/www.europesays.com\/fr\/wp-json\/wp\/v2\/users\/2"}],"replies":[{"embeddable":true,"href":"https:\/\/www.europesays.com\/fr\/wp-json\/wp\/v2\/comments?post=340914"}],"version-history":[{"count":0,"href":"https:\/\/www.europesays.com\/fr\/wp-json\/wp\/v2\/posts\/340914\/revisions"}],"wp:featuredmedia":[{"embeddable":true,"href":"https:\/\/www.europesays.com\/fr\/wp-json\/wp\/v2\/media\/340915"}],"wp:attachment":[{"href":"https:\/\/www.europesays.com\/fr\/wp-json\/wp\/v2\/media?parent=340914"}],"wp:term":[{"taxonomy":"category","embeddable":true,"href":"https:\/\/www.europesays.com\/fr\/wp-json\/wp\/v2\/categories?post=340914"},{"taxonomy":"post_tag","embeddable":true,"href":"https:\/\/www.europesays.com\/fr\/wp-json\/wp\/v2\/tags?post=340914"}],"curies":[{"name":"wp","href":"https:\/\/api.w.org\/{rel}","templated":true}]}}