{"id":340916,"date":"2025-08-24T16:05:11","date_gmt":"2025-08-24T16:05:11","guid":{"rendered":"https:\/\/www.europesays.com\/fr\/340916\/"},"modified":"2025-08-24T16:05:11","modified_gmt":"2025-08-24T16:05:11","slug":"gros-combat-a-clermont-pour-le-poste-douvreur-le-match-amical-contre-toulon-sera-decisif","status":"publish","type":"post","link":"https:\/\/www.europesays.com\/fr\/340916\/","title":{"rendered":"Gros combat \u00e0 Clermont pour le poste d&rsquo;ouvreur : Le match amical contre Toulon sera d\u00e9cisif !"},"content":{"rendered":"<p>C\u2019\u00e9tait l\u2019un des dossiers les plus scrut\u00e9s du c\u00f4t\u00e9 de l\u2019ASM Clermont : qui tiendra la baguette \u00e0 l\u2019ouverture cette saison ?<\/p>\n<p>Vendredi soir, lors de la victoire face \u00e0 Brive (21-35), Harry Plummer et Irae Simone ont apport\u00e9 des premiers \u00e9l\u00e9ments de r\u00e9ponse.<\/p>\n<p>Align\u00e9 d\u2019entr\u00e9e, <strong>Harry Plummer<\/strong> a montr\u00e9 qu\u2019il n\u2019avait pas besoin de temps d\u2019adaptation. Sobre dans ses choix, il a su donner confiance \u00e0 ses partenaires d\u00e8s les premi\u00e8res minutes. Son r\u00f4le sur l\u2019essai de Kylan Hamdaoui a \u00e9t\u00e9 r\u00e9v\u00e9lateur : pas de passe forc\u00e9e, une prise d\u2019initiative simple et efficace qui a ouvert la voie \u00e0 l\u2019ailier.<\/p>\n<p>Derri\u00e8re, le N\u00e9o-Z\u00e9landais a ouvert son compteur au pied sans trembler. Solide en d\u00e9fense, capable de gratter des ballons, il a confirm\u00e9 un profil rugueux et appliqu\u00e9, malgr\u00e9 une frayeur sur une passe mal ajust\u00e9e dans ses 22 m\u00e8tres.<\/p>\n<p>Entr\u00e9 \u00e0 la pause, <strong>Irae Simone<\/strong> a occup\u00e9 le poste avec une autre approche. Plus en retrait, il s\u2019est attach\u00e9 \u00e0 mettre ses avants dans l\u2019avanc\u00e9e et \u00e0 user de son long jeu au pied. Surprise : l\u2019habituel trois-quarts centre a pris la responsabilit\u00e9 du but\u2026 avec r\u00e9ussite (3\/3). Une belle performance m\u00eame si quelques erreurs \u2013 une p\u00e9naltouche manqu\u00e9e, un en-avant sur chandelle \u2013 ont terni sa copie.<\/p>\n<p>Entre l\u2019assurance sobre de Plummer et l\u2019audace de Simone, Clermont semble avoir deux options cr\u00e9dibles.<\/p>\n<p>Reste d\u00e9sormais \u00e0 voir si l\u2019un d\u2019eux saura s\u2019imposer lors du prochain test face \u00e0 Toulon\u2026 avant l\u2019\u00e9preuve de v\u00e9rit\u00e9 : le Top 14.<\/p>\n","protected":false},"excerpt":{"rendered":"C\u2019\u00e9tait l\u2019un des dossiers les plus scrut\u00e9s du c\u00f4t\u00e9 de l\u2019ASM Clermont : qui tiendra la baguette \u00e0&hellip;\n","protected":false},"author":2,"featured_media":328769,"comment_status":"","ping_status":"","sticky":false,"template":"","format":"standard","meta":{"footnotes":""},"categories":[9619],"tags":[1111,11,1777,674,1011,27,12,882,25,2310],"class_list":{"0":"post-340916","1":"post","2":"type-post","3":"status-publish","4":"format-standard","5":"has-post-thumbnail","7":"category-toulon","8":"tag-actu","9":"tag-actualites","10":"tag-eu","11":"tag-europe","12":"tag-fr","13":"tag-france","14":"tag-news","15":"tag-provence-alpes-cote-dazur","16":"tag-republique-francaise","17":"tag-toulon"},"share_on_mastodon":{"url":"https:\/\/pubeurope.com\/@fr\/115084599247170602","error":""},"_links":{"self":[{"href":"https:\/\/www.europesays.com\/fr\/wp-json\/wp\/v2\/posts\/340916","targetHints":{"allow":["GET"]}}],"collection":[{"href":"https:\/\/www.europesays.com\/fr\/wp-json\/wp\/v2\/posts"}],"about":[{"href":"https:\/\/www.europesays.com\/fr\/wp-json\/wp\/v2\/types\/post"}],"author":[{"embeddable":true,"href":"https:\/\/www.europesays.com\/fr\/wp-json\/wp\/v2\/users\/2"}],"replies":[{"embeddable":true,"href":"https:\/\/www.europesays.com\/fr\/wp-json\/wp\/v2\/comments?post=340916"}],"version-history":[{"count":0,"href":"https:\/\/www.europesays.com\/fr\/wp-json\/wp\/v2\/posts\/340916\/revisions"}],"wp:featuredmedia":[{"embeddable":true,"href":"https:\/\/www.europesays.com\/fr\/wp-json\/wp\/v2\/media\/328769"}],"wp:attachment":[{"href":"https:\/\/www.europesays.com\/fr\/wp-json\/wp\/v2\/media?parent=340916"}],"wp:term":[{"taxonomy":"category","embeddable":true,"href":"https:\/\/www.europesays.com\/fr\/wp-json\/wp\/v2\/categories?post=340916"},{"taxonomy":"post_tag","embeddable":true,"href":"https:\/\/www.europesays.com\/fr\/wp-json\/wp\/v2\/tags?post=340916"}],"curies":[{"name":"wp","href":"https:\/\/api.w.org\/{rel}","templated":true}]}}