{"id":340917,"date":"2025-08-24T16:06:18","date_gmt":"2025-08-24T16:06:18","guid":{"rendered":"https:\/\/www.europesays.com\/fr\/340917\/"},"modified":"2025-08-24T16:06:18","modified_gmt":"2025-08-24T16:06:18","slug":"la-fete-demarre-en-fanfare-avec-un-large-public","status":"publish","type":"post","link":"https:\/\/www.europesays.com\/fr\/340917\/","title":{"rendered":"La f\u00eate d\u00e9marre en fanfare avec un large public"},"content":{"rendered":"<p>Les vendredi 22 et samedi 23 ao\u00fbt, un nombreux public a profit\u00e9 des spectacles du club taurin Le Trident et des concours de p\u00e9tanque en doublettes mont\u00e9es organis\u00e9s avec La Boule \u00e0 Tonton.<\/p>\n<p>En ouverture, le maire, rejoint par Michelle Cassar, maire de Pignan, a souhait\u00e9 une belle f\u00eate en rappelant que convivialit\u00e9 et s\u00e9curit\u00e9, renforc\u00e9e par un contr\u00f4le par d\u00e9tecteur de m\u00e9taux \u00e0 l\u2019entr\u00e9e, sont les cl\u00e9s du succ\u00e8s. Les bals du soir, anim\u00e9s par Box Song &amp; Band et l\u2019orchestre M\u00e9tropole, ainsi que les attractions foraines, ont rassembl\u00e9 beaucoup de monde.<\/p>\n<p>La f\u00eate se poursuit <b>dimanche 24 ao\u00fbt<\/b> avec la 2e Olympiade saint-georgienne d\u2019Aqui O\u00ef et ses partenaires Le Tambourin, et la Boule \u00e0 Tonton derri\u00e8re le CCR. \u00c0 8 h 30 : accueil des \u00e9quipes avec petit-d\u00e9jeuner offert puis concours de p\u00e9tanque, tambourin, tir \u00e0 la corde, lancer de savates, ventre qui glisse, jet de noyau d\u2019abricot. \u00c0 12 h : remise des prix au terrain de p\u00e9tanque avant l\u2019abrivado. \u00c0 16 h 30 : concours de p\u00e9tanque en doublette mont\u00e9e (10 \u20ac\/\u00e9quipe) et \u00e0 17 h : taureau-piscine puis bandido. Pour la soir\u00e9e, \u00e0 21 h : encierro et bal anim\u00e9 par DJ Cassou pour la soir\u00e9e Night Kolors.<\/p>\n<p><b>Lundi 25 ao\u00fbt<\/b>, aux ar\u00e8nes la journ\u00e9e sera anim\u00e9e par la manade Chaballier. \u00c0 12 h : abrivado, \u00e0 16 h : concours de p\u00e9tanque en doublette mont\u00e9e ouvert \u00e0 tous et \u00e0 17 h : taureau-piscine puis bandido. Une encierro sera pr\u00e9sent\u00e9e \u00e0 21 h suivie du \u00ab\u00a0Grand Bal\u00a0\u00bb anim\u00e9e par DJ Cassou.<\/p>\n<p>Correspondante Midi Libre : 06 11 66 38 56<\/p>\n","protected":false},"excerpt":{"rendered":"Les vendredi 22 et samedi 23 ao\u00fbt, un nombreux public a profit\u00e9 des spectacles du club taurin Le&hellip;\n","protected":false},"author":2,"featured_media":340918,"comment_status":"","ping_status":"","sticky":false,"template":"","format":"standard","meta":{"footnotes":""},"categories":[9599],"tags":[1111,11,1777,674,1011,27,2208,12,2680,25],"class_list":{"0":"post-340917","1":"post","2":"type-post","3":"status-publish","4":"format-standard","5":"has-post-thumbnail","7":"category-montpellier","8":"tag-actu","9":"tag-actualites","10":"tag-eu","11":"tag-europe","12":"tag-fr","13":"tag-france","14":"tag-montpellier","15":"tag-news","16":"tag-occitanie","17":"tag-republique-francaise"},"share_on_mastodon":{"url":"https:\/\/pubeurope.com\/@fr\/115084603178970991","error":""},"_links":{"self":[{"href":"https:\/\/www.europesays.com\/fr\/wp-json\/wp\/v2\/posts\/340917","targetHints":{"allow":["GET"]}}],"collection":[{"href":"https:\/\/www.europesays.com\/fr\/wp-json\/wp\/v2\/posts"}],"about":[{"href":"https:\/\/www.europesays.com\/fr\/wp-json\/wp\/v2\/types\/post"}],"author":[{"embeddable":true,"href":"https:\/\/www.europesays.com\/fr\/wp-json\/wp\/v2\/users\/2"}],"replies":[{"embeddable":true,"href":"https:\/\/www.europesays.com\/fr\/wp-json\/wp\/v2\/comments?post=340917"}],"version-history":[{"count":0,"href":"https:\/\/www.europesays.com\/fr\/wp-json\/wp\/v2\/posts\/340917\/revisions"}],"wp:featuredmedia":[{"embeddable":true,"href":"https:\/\/www.europesays.com\/fr\/wp-json\/wp\/v2\/media\/340918"}],"wp:attachment":[{"href":"https:\/\/www.europesays.com\/fr\/wp-json\/wp\/v2\/media?parent=340917"}],"wp:term":[{"taxonomy":"category","embeddable":true,"href":"https:\/\/www.europesays.com\/fr\/wp-json\/wp\/v2\/categories?post=340917"},{"taxonomy":"post_tag","embeddable":true,"href":"https:\/\/www.europesays.com\/fr\/wp-json\/wp\/v2\/tags?post=340917"}],"curies":[{"name":"wp","href":"https:\/\/api.w.org\/{rel}","templated":true}]}}