{"id":340920,"date":"2025-08-24T16:08:15","date_gmt":"2025-08-24T16:08:15","guid":{"rendered":"https:\/\/www.europesays.com\/fr\/340920\/"},"modified":"2025-08-24T16:08:15","modified_gmt":"2025-08-24T16:08:15","slug":"quelle-meteo-a-rouen-et-au-havre-pour-la-derniere-semaine-daout","status":"publish","type":"post","link":"https:\/\/www.europesays.com\/fr\/340920\/","title":{"rendered":"quelle m\u00e9t\u00e9o \u00e0 Rouen et au Havre pour la derni\u00e8re semaine d&rsquo;ao\u00fbt\u00a0?"},"content":{"rendered":"<p>            Par<br \/>\n        <strong><br \/>\n            <a href=\"https:\/\/actu.fr\/auteur\/julien-bouteiller\" title=\"Consulter tous les articles de Julien Bouteiller\" rel=\"nofollow noopener\" target=\"_blank\">Julien Bouteiller<\/a><br \/>\n        <\/strong><\/p>\n<p>        Publi\u00e9 le<\/p>\n<p>            24 ao\u00fbt 2025 \u00e0 16h54        <\/p>\n<p>Le mois d\u2019ao\u00fbt 2025 va toucher \u00e0 sa fin ces prochains jours. Aura-t-on droit \u00e0 du beau temps pour les derniers jours des vacances ? On fait le point sur <strong>les pr\u00e9visions de M\u00e9t\u00e9o France \u00e0 Rouen et au Havre.<\/strong><\/p>\n<p>Quelle m\u00e9t\u00e9o pour la derni\u00e8re semaine d\u2019ao\u00fbt ?<\/p>\n<p class=\" wall-content\">C\u2019est une belle journ\u00e9e qui nous attend lundi avec<strong> un grand soleil<\/strong> d\u00e8s le matin, et des temp\u00e9ratures autour des 20\u00b0C. Pas de grand changement l\u2019apr\u00e8s-midi<strong> avec un ciel radieux<\/strong> et un thermom\u00e8tre qui grimpera jusqu\u2019\u00e0 27\u00b0C au Havre et \u00e0 Rouen.<\/p>\n<p class=\" wall-content\">Mardi, Le Havre se r\u00e9veillera <strong>sous la pluie<\/strong> tandis que le ciel sera voil\u00e9 \u00e0 Rouen. Et dans l\u2019apr\u00e8s-midi, les averses s\u2019\u00e9tendront \u00e0 tout le d\u00e9partement, avec un mercure entre 21 et 23\u00b0C.<\/p>\n<p class=\" wall-content\">Mercredi matin, la pluie aura cess\u00e9 mais <strong>le ciel restera couvert<\/strong>, avec 20\u00b0C au thermom\u00e8tre. Dans l\u2019apr\u00e8s-midi, le ciel se chargera \u00e0 Rouen tandis que de nouvelles averses arriveront au Havre.<\/p>\n<p class=\" wall-content\">Jeudi, pas de jaloux,<strong> il y aura de la pluie partout<\/strong>, aussi bien \u00e0 Rouen qu\u2019au Havre. Les temp\u00e9ratures se maintiendront toutefois autour des 20\u00b0C.<\/p>\n<p>Et ce weekend ?<\/p>\n<p class=\" wall-content\">Vendredi,<strong> les averses se poursuivront toute la journ\u00e9e<\/strong> sous un ciel bien gris. Les temp\u00e9ratures baisseront l\u00e9g\u00e8rement.<\/p>\n<p>Votre r\u00e9gion, votre actu !<\/p>\n<p>Recevez chaque jour les infos qui comptent pour vous.<\/p>\n<p>\t<a href=\"https:\/\/actu.fr\/newsletter\" class=\"ac-btn ac-btn--corner ac-btn--medium ac-btn--blue800\" rel=\"nofollow noopener\" target=\"_blank\">S&rsquo;incrire<\/a><\/p>\n<p class=\" wall-content\">Et pour le weekend, pas de miracle. Samedi, Le Havre et Rouen seront copieusement arros\u00e9s avec un thermom\u00e8tre qui descend autour des 18\u00b0C. Et idem pour dimanche, journ\u00e9e pluvieuse. De quoi augurer d\u2019une rentr\u00e9e des classes plut\u00f4t humide\u2026<\/p>\n<p>Suivez l\u2019actualit\u00e9 de Rouen <a href=\"https:\/\/www.whatsapp.com\/channel\/0029VaKfnf99hXF2ddApFB1D\" rel=\"nofollow noopener\" target=\"_blank\">sur notre cha\u00eene WhatsApp<\/a> et <a href=\"https:\/\/www.tiktok.com\/@76actu.fr?lang=fr\" rel=\"nofollow noopener\" target=\"_blank\">sur notre compte TikTok<\/a>Suivez l\u2019actualit\u00e9 du Havre <a href=\"https:\/\/www.whatsapp.com\/channel\/0029VaFqJYE8aKvLBwVrEe0o\" rel=\"nofollow noopener\" target=\"_blank\">sur notre cha\u00eene WhatsApp<\/a> et <a href=\"https:\/\/www.tiktok.com\/@76actu.fr?lang=fr\" rel=\"nofollow noopener\" target=\"_blank\">sur notre compte TikTok<\/a><\/p>\n<p class=\" wall-content\">Personnalisez votre actualit\u00e9 en ajoutant vos villes et m\u00e9dias en favori avec <a href=\"https:\/\/moncompte.actu.fr\" title=\"D\u00e9couvez Mon Actu\" rel=\"nofollow noopener\" data-trk=\"{&quot;cta&quot;:{&quot;action&quot;:&quot;https:\\\/\\\/moncompte.actu.fr&quot;,&quot;category&quot;:&quot;mon compte&quot;,&quot;from&quot;:&quot;article footer&quot;,&quot;name&quot;:&quot;Mon actu&quot;,&quot;type&quot;:&quot;cta&quot;}}\" target=\"_blank\">Mon Actu<\/a>.<\/p>\n<p>                    <script async src=\"\/\/www.tiktok.com\/embed.js\"><\/script><\/p>\n","protected":false},"excerpt":{"rendered":"Par Julien Bouteiller Publi\u00e9 le 24 ao\u00fbt 2025 \u00e0 16h54 Le mois d\u2019ao\u00fbt 2025 va toucher \u00e0 sa&hellip;\n","protected":false},"author":2,"featured_media":340921,"comment_status":"","ping_status":"","sticky":false,"template":"","format":"standard","meta":{"footnotes":""},"categories":[9587],"tags":[1111,11,1777,674,1011,27,2487,2357,12,5161,4459,25,9590],"class_list":{"0":"post-340920","1":"post","2":"type-post","3":"status-publish","4":"format-standard","5":"has-post-thumbnail","7":"category-rouen","8":"tag-actu","9":"tag-actualites","10":"tag-eu","11":"tag-europe","12":"tag-fr","13":"tag-france","14":"tag-meteo","15":"tag-meteo-france","16":"tag-news","17":"tag-normandie","18":"tag-pluie","19":"tag-republique-francaise","20":"tag-rouen"},"share_on_mastodon":{"url":"https:\/\/pubeurope.com\/@fr\/115084611232763551","error":""},"_links":{"self":[{"href":"https:\/\/www.europesays.com\/fr\/wp-json\/wp\/v2\/posts\/340920","targetHints":{"allow":["GET"]}}],"collection":[{"href":"https:\/\/www.europesays.com\/fr\/wp-json\/wp\/v2\/posts"}],"about":[{"href":"https:\/\/www.europesays.com\/fr\/wp-json\/wp\/v2\/types\/post"}],"author":[{"embeddable":true,"href":"https:\/\/www.europesays.com\/fr\/wp-json\/wp\/v2\/users\/2"}],"replies":[{"embeddable":true,"href":"https:\/\/www.europesays.com\/fr\/wp-json\/wp\/v2\/comments?post=340920"}],"version-history":[{"count":0,"href":"https:\/\/www.europesays.com\/fr\/wp-json\/wp\/v2\/posts\/340920\/revisions"}],"wp:featuredmedia":[{"embeddable":true,"href":"https:\/\/www.europesays.com\/fr\/wp-json\/wp\/v2\/media\/340921"}],"wp:attachment":[{"href":"https:\/\/www.europesays.com\/fr\/wp-json\/wp\/v2\/media?parent=340920"}],"wp:term":[{"taxonomy":"category","embeddable":true,"href":"https:\/\/www.europesays.com\/fr\/wp-json\/wp\/v2\/categories?post=340920"},{"taxonomy":"post_tag","embeddable":true,"href":"https:\/\/www.europesays.com\/fr\/wp-json\/wp\/v2\/tags?post=340920"}],"curies":[{"name":"wp","href":"https:\/\/api.w.org\/{rel}","templated":true}]}}