{"id":340924,"date":"2025-08-24T16:12:25","date_gmt":"2025-08-24T16:12:25","guid":{"rendered":"https:\/\/www.europesays.com\/fr\/340924\/"},"modified":"2025-08-24T16:12:25","modified_gmt":"2025-08-24T16:12:25","slug":"une-jeune-femme-meurt-noyee-pres-de-grenoble-2","status":"publish","type":"post","link":"https:\/\/www.europesays.com\/fr\/340924\/","title":{"rendered":"une jeune femme meurt noy\u00e9e pr\u00e8s de Grenoble"},"content":{"rendered":"<p itemprop=\"description\"><strong>L&rsquo;accident mortel s&rsquo;est produit dans la nuit de samedi \u00e0 dimanche dans la zone commerciale de Comboire au Pont-de-Claix.<\/strong><\/p>\n<p>Dans des circonstances qui restent \u00e0 d\u00e9terminer, un automobiliste a perdu le contr\u00f4le de son v\u00e9hicule sur la RD269D et l&rsquo;a pr\u00e9cipit\u00e9 dans les eaux du Drac.<\/p>\n<p>Si le jeune homme, l\u00e9g\u00e8rement bless\u00e9, est parvenu \u00e0 s&rsquo;extirper de l&rsquo;habitacle et \u00e0 nager jusqu&rsquo;\u00e0 la rive, sa passag\u00e8re est elle rest\u00e9e prisonni\u00e8re de la voiture.<\/p>\n<p>Ce sont les plongeurs du SDIS 38 qui l&rsquo;ont r\u00e9cup\u00e9r\u00e9e. Leurs tentatives de la r\u00e9animer sont rest\u00e9es infructueuses. La victime avait 19 ans.<\/p>\n<p>La gendarmerie a ouvert une enqu\u00eate. Les premiers tests imm\u00e9diatement r\u00e9alis\u00e9s sur le conducteur de 20 ans se sont r\u00e9v\u00e9l\u00e9s n\u00e9gatifs quant \u00e0 la consommation d&rsquo;alcool ou de drogues.<\/p>\n","protected":false},"excerpt":{"rendered":"L&rsquo;accident mortel s&rsquo;est produit dans la nuit de samedi \u00e0 dimanche dans la zone commerciale de Comboire au&hellip;\n","protected":false},"author":2,"featured_media":340484,"comment_status":"","ping_status":"","sticky":false,"template":"","format":"standard","meta":{"footnotes":""},"categories":[9566],"tags":[1111,11,2813,2430,1109,251,1112,2811,1777,674,118,1011,27,21780,2731,14004,1922,1110,1114,108,12,316,25,2812,517,800],"class_list":{"0":"post-340924","1":"post","2":"type-post","3":"status-publish","4":"format-standard","5":"has-post-thumbnail","7":"category-grenoble","8":"tag-actu","9":"tag-actualites","10":"tag-article","11":"tag-auvergne-rhone-alpes","12":"tag-breves","13":"tag-culture","14":"tag-depeches","15":"tag-economique","16":"tag-eu","17":"tag-europe","18":"tag-faits-divers","19":"tag-fr","20":"tag-france","21":"tag-gf38","22":"tag-grenoble","23":"tag-grenoblemag","24":"tag-info","25":"tag-informations","26":"tag-infos","27":"tag-isere","28":"tag-news","29":"tag-politique","30":"tag-republique-francaise","31":"tag-sociale","32":"tag-sport","33":"tag-transports"},"share_on_mastodon":{"url":"https:\/\/pubeurope.com\/@fr\/115084626827111768","error":""},"_links":{"self":[{"href":"https:\/\/www.europesays.com\/fr\/wp-json\/wp\/v2\/posts\/340924","targetHints":{"allow":["GET"]}}],"collection":[{"href":"https:\/\/www.europesays.com\/fr\/wp-json\/wp\/v2\/posts"}],"about":[{"href":"https:\/\/www.europesays.com\/fr\/wp-json\/wp\/v2\/types\/post"}],"author":[{"embeddable":true,"href":"https:\/\/www.europesays.com\/fr\/wp-json\/wp\/v2\/users\/2"}],"replies":[{"embeddable":true,"href":"https:\/\/www.europesays.com\/fr\/wp-json\/wp\/v2\/comments?post=340924"}],"version-history":[{"count":0,"href":"https:\/\/www.europesays.com\/fr\/wp-json\/wp\/v2\/posts\/340924\/revisions"}],"wp:featuredmedia":[{"embeddable":true,"href":"https:\/\/www.europesays.com\/fr\/wp-json\/wp\/v2\/media\/340484"}],"wp:attachment":[{"href":"https:\/\/www.europesays.com\/fr\/wp-json\/wp\/v2\/media?parent=340924"}],"wp:term":[{"taxonomy":"category","embeddable":true,"href":"https:\/\/www.europesays.com\/fr\/wp-json\/wp\/v2\/categories?post=340924"},{"taxonomy":"post_tag","embeddable":true,"href":"https:\/\/www.europesays.com\/fr\/wp-json\/wp\/v2\/tags?post=340924"}],"curies":[{"name":"wp","href":"https:\/\/api.w.org\/{rel}","templated":true}]}}