{"id":340927,"date":"2025-08-24T16:14:11","date_gmt":"2025-08-24T16:14:11","guid":{"rendered":"https:\/\/www.europesays.com\/fr\/340927\/"},"modified":"2025-08-24T16:14:11","modified_gmt":"2025-08-24T16:14:11","slug":"rennes-se-saborde-a-lorient-avec-deux-cartons-rouges-en-dix-minutes","status":"publish","type":"post","link":"https:\/\/www.europesays.com\/fr\/340927\/","title":{"rendered":"Rennes se saborde \u00e0 Lorient avec deux cartons rouges en dix minutes"},"content":{"rendered":"<p><strong>Lorient\u00a0&#8211; Rennes\u00a0: 4-0<\/strong><\/p>\n<p>Ou comment se tirer une balle dans le pied. Avec deux exclus avant m\u00eame le premier quart d\u2019heure de jeu, Rennes s\u2019est plus que compliqu\u00e9 la t\u00e2che, dimanche, et s\u2019est lourdement inclin\u00e9 chez le promu Lorient (4-0) pour la troisi\u00e8me journ\u00e9e de Ligue 1.<\/p>\n<p>Ce revers efface la belle impression laiss\u00e9e par le succ\u00e8s \u2013 d\u00e9j\u00e0 en inf\u00e9riorit\u00e9 num\u00e9rique pendant une heure \u2013 contre Marseille (1-0) en ouverture de la saison, et fait retomber les Rouge et Noir au classement provisoire. Lorient, qui s\u2019\u00e9tait inclin\u00e9 (1-0) \u00e0 Auxerre le week-end dernier, fait \u00e0 l\u2019inverse une tr\u00e8s bonne op\u00e9ration.<\/p>\n<p>Il est rare que les deux premiers cartons sortis dans un match de L1 soient rouges. C\u2019est encore plus rare que cela arrive dans les dix premi\u00e8res minutes de jeu, et c\u2019est m\u00eame du jamais vu \u2013 au moins depuis 1992-1993, selon Opta \u2013 qu\u2019ils soient inflig\u00e9s \u00e0 la m\u00eame \u00e9quipe.<\/p>\n<p>Camara et Wooh plombent les Rennais<\/p>\n<p>C\u2019est donc pourtant ce qui est arriv\u00e9 aux hommes d\u2019Habib Beye, qui ont pay\u00e9 au prix fort une s\u00e9rie de d\u00e9faillances individuelles, malgr\u00e9 une belle combativit\u00e9 jusqu\u2019\u00e0 l\u2019ouverture du score des Merlus en toute fin du premier acte.<\/p>\n<p>Comme la semaine derni\u00e8re, o\u00f9 le d\u00e9fenseur central Mikayil Faye avait eu une panne de r\u00e9veil qui l\u2019avait priv\u00e9 du match d\u2019ouverture de la saison, c\u2019est cette fois-ci Moussa Al-Tamari qui s\u2019est pr\u00e9sent\u00e9 en retard \u00e0 une r\u00e9union d\u2019avant-match. Impitoyable, Beye l\u2019a sorti du groupe, alors que le Jordanien devait pallier l\u2019absence de Przemyslaw Frankowski au poste de piston droit.<\/p>\n<p>Mahdi Camara, choisi pour occuper finalement le poste, n\u2019aura pas profit\u00e9 longtemps de sa premi\u00e8re titularisation sous ses nouvelles couleurs en se faisant exclure apr\u00e8s six minutes de jeu pour un pied trop haut.<\/p>\n<p>Cinq minutes plus tard, c\u2019est Christopher Wooh qui a rejoint les vestiaires apr\u00e8s un tacle en retard en position de dernier d\u00e9fenseur. \u00c0 neuf contre onze, Lorient s\u2019est montr\u00e9, dans un premier temps, incapable d\u2019adapter sa tactique attentiste au nouveau rapport de force.<\/p>\n<p>Un \u00e9ph\u00e9m\u00e8re sentiment de r\u00e9volte<\/p>\n<p>Port\u00e9 par un certain sentiment de r\u00e9volte, c\u2019est m\u00eame Rennes qui est pass\u00e9 tout pr\u00e8s d\u2019ouvrir le score\u00a0: de retour dans une forme athl\u00e9tique \u00e9clatante, Seko Fofana, sur une frappe envelopp\u00e9e, a trouv\u00e9 l\u2019angle de la transversale et du poteau (21e).<\/p>\n<p>Mais la pause fra\u00eecheur \u00e0 la 25e\u00a0minute a permis \u00e0 Olivier Pantaloni de repositionner son \u00e9quipe plus haut et les d\u00e9bats ont progressivement bascul\u00e9 en faveur des locaux. Il y aurait pourtant beaucoup \u00e0 redire sur les quatre buts.<\/p>\n<p>Deux sont venus d\u2019une perte de balle dans l\u2019axe \u00e0 25 m\u00e8tres, puis d\u2019une intervention trop molle dans la surface de Mohamadou Nagida, qui ont profit\u00e9 \u00e0 Sambou Soumano (1-0, 45e+\u00a04) et Pablo Pagis (3-0, 65e). Les deux autres, d\u2019une erreur de marquage et d\u2019un manque d\u2019agressivit\u00e9 au deuxi\u00e8me poteau de Quentin Merlin, convertis par Aiyegun Tosin (2-0, 47e) et Theo Le Bris (4-0, 69e).<\/p>\n<p>Malheureusement pour Rennes, ce d\u00e9but de saison ressemble un peu \u00e0 celui de l\u2019ann\u00e9e derni\u00e8re, o\u00f9 une d\u00e9faite inqui\u00e9tante \u00e0 Strasbourg (3-1) avait fait suite \u00e0 une victoire s\u00e9duisante contre Lyon (3-0). Rennes avait ensuite perdu encore \u00e0 Reims (2-1). Il faudra r\u00e9agir d\u00e8s dimanche prochain \u00e0 Angers pour ne pas voir ressurgir les fant\u00f4mes du dernier exercice, tr\u00e8s laborieux.<\/p>\n","protected":false},"excerpt":{"rendered":"Lorient\u00a0&#8211; Rennes\u00a0: 4-0 Ou comment se tirer une balle dans le pied. Avec deux exclus avant m\u00eame le&hellip;\n","protected":false},"author":2,"featured_media":340928,"comment_status":"","ping_status":"","sticky":false,"template":"","format":"standard","meta":{"footnotes":""},"categories":[2821],"tags":[1111,11,829,1777,674,63,1011,27,66,12,584,25,60],"class_list":{"0":"post-340927","1":"post","2":"type-post","3":"status-publish","4":"format-standard","5":"has-post-thumbnail","7":"category-rennes","8":"tag-actu","9":"tag-actualites","10":"tag-bretagne","11":"tag-eu","12":"tag-europe","13":"tag-football","14":"tag-fr","15":"tag-france","16":"tag-ligue-1","17":"tag-news","18":"tag-rennes","19":"tag-republique-francaise","20":"tag-sports"},"share_on_mastodon":{"url":"https:\/\/pubeurope.com\/@fr\/115084634632084028","error":""},"_links":{"self":[{"href":"https:\/\/www.europesays.com\/fr\/wp-json\/wp\/v2\/posts\/340927","targetHints":{"allow":["GET"]}}],"collection":[{"href":"https:\/\/www.europesays.com\/fr\/wp-json\/wp\/v2\/posts"}],"about":[{"href":"https:\/\/www.europesays.com\/fr\/wp-json\/wp\/v2\/types\/post"}],"author":[{"embeddable":true,"href":"https:\/\/www.europesays.com\/fr\/wp-json\/wp\/v2\/users\/2"}],"replies":[{"embeddable":true,"href":"https:\/\/www.europesays.com\/fr\/wp-json\/wp\/v2\/comments?post=340927"}],"version-history":[{"count":0,"href":"https:\/\/www.europesays.com\/fr\/wp-json\/wp\/v2\/posts\/340927\/revisions"}],"wp:featuredmedia":[{"embeddable":true,"href":"https:\/\/www.europesays.com\/fr\/wp-json\/wp\/v2\/media\/340928"}],"wp:attachment":[{"href":"https:\/\/www.europesays.com\/fr\/wp-json\/wp\/v2\/media?parent=340927"}],"wp:term":[{"taxonomy":"category","embeddable":true,"href":"https:\/\/www.europesays.com\/fr\/wp-json\/wp\/v2\/categories?post=340927"},{"taxonomy":"post_tag","embeddable":true,"href":"https:\/\/www.europesays.com\/fr\/wp-json\/wp\/v2\/tags?post=340927"}],"curies":[{"name":"wp","href":"https:\/\/api.w.org\/{rel}","templated":true}]}}