{"id":340929,"date":"2025-08-24T16:15:43","date_gmt":"2025-08-24T16:15:43","guid":{"rendered":"https:\/\/www.europesays.com\/fr\/340929\/"},"modified":"2025-08-24T16:15:43","modified_gmt":"2025-08-24T16:15:43","slug":"eschau-la-rentree-approche-pour-les-cours-dalsacien-les-inscriptions-sont-ouvertes","status":"publish","type":"post","link":"https:\/\/www.europesays.com\/fr\/340929\/","title":{"rendered":"Eschau. La rentr\u00e9e approche pour les cours d\u2019alsacien, les inscriptions sont ouvertes"},"content":{"rendered":"<p>L\u2019association <a href=\"https:\/\/www.dna.fr\/culture-loisirs\/2024\/09\/11\/apprendre-l-alsacien-avec-t-schaffele-schuel-von-aschaui\" target=\"_blank\" rel=\"nofollow noopener\">T\u2019Schaffele Sch\u00fcel von Aschaui<\/a> , cr\u00e9\u00e9e par Thierry Schmitt, dispense depuis plusieurs ann\u00e9es des cours d\u2019alsacien tous niveaux pour le plaisir d\u2019apprendre ou pour se perfectionner tout en se divertissant. Ces cours sont dispens\u00e9s par niveaux, de septembre \u00e0 juin, tous les mardis \u00e0 18\u00a0h, 19\u00a0h et 20\u00a0h et \u00e0 compter du mardi 16\u00a0septembre, au restaurant Sapin Vert \u00ab\u00a0De Schriiwer Sch\u00e0ng\u00a0\u00bb au 4 rue Stoskopf \u00e0 Eschau.<\/p>\n<p>Durant les cours, sont abord\u00e9es les bases de la langue, les conjugaisons, les coutumes\u2026 via diverses th\u00e9matiques du quotidien. L\u2019une des s\u00e9ances durant l\u2019ann\u00e9e scolaire est consacr\u00e9e \u00e0 l\u2019apprentissage en alsacien des gestes de premiers secours. \u00ab\u00a0Il n\u2019y a pas d\u2019\u00e2ge pour apprendre l\u2019alsacien\u00a0\u00bb, pr\u00e9cise Thierry Schmitt. \u00ab\u00a0L\u2019an pass\u00e9, 25 \u00e9l\u00e8ves de 7 \u00e0 88 ans ont suivi mes cours. Le plus \u00e2g\u00e9, Joseph, est un Catalan install\u00e9 en Alsace depuis 60 ans. Il suit les cours depuis quatre ans et sera encore pr\u00e9sent cette ann\u00e9e.\u00a0\u00bb<\/p>\n<p>Parler alsacien (\u00c8lsassisch r\u00e8dde\u00a0!) pour sauver l\u2019alsacien (\u00c8lsassisch r\u00e8tte\u00a0!) est le credo de Thierry. Les inscriptions sont ouvertes.<\/p>\n<p class=\"note\">Inscriptions et renseignements aupr\u00e8s de Thierry Schmitt au 06\u00a047\u00a086\u00a006\u00a091. L\u2019int\u00e9gration est possible en cours d\u2019ann\u00e9e. Une participation annuelle est de 25\u00a0euros par personne est demand\u00e9e.<\/p>\n","protected":false},"excerpt":{"rendered":"L\u2019association T\u2019Schaffele Sch\u00fcel von Aschaui , cr\u00e9\u00e9e par Thierry Schmitt, dispense depuis plusieurs ann\u00e9es des cours d\u2019alsacien tous&hellip;\n","protected":false},"author":2,"featured_media":340930,"comment_status":"","ping_status":"","sticky":false,"template":"","format":"standard","meta":{"footnotes":""},"categories":[2820],"tags":[1111,11,1687,2880,4373,1777,674,107,1011,27,775,12,2661,25,640,3089],"class_list":{"0":"post-340929","1":"post","2":"type-post","3":"status-publish","4":"format-standard","5":"has-post-thumbnail","7":"category-strasbourg","8":"tag-actu","9":"tag-actualites","10":"tag-culture-loisirs","11":"tag-edition-strasbourg","12":"tag-eschau","13":"tag-eu","14":"tag-europe","15":"tag-fil-info","16":"tag-fr","17":"tag-france","18":"tag-grand-est","19":"tag-news","20":"tag-patrimoine-culturel","21":"tag-republique-francaise","22":"tag-strasbourg","23":"tag-strasbourg-sud"},"share_on_mastodon":{"url":"https:\/\/pubeurope.com\/@fr\/115084638615403044","error":""},"_links":{"self":[{"href":"https:\/\/www.europesays.com\/fr\/wp-json\/wp\/v2\/posts\/340929","targetHints":{"allow":["GET"]}}],"collection":[{"href":"https:\/\/www.europesays.com\/fr\/wp-json\/wp\/v2\/posts"}],"about":[{"href":"https:\/\/www.europesays.com\/fr\/wp-json\/wp\/v2\/types\/post"}],"author":[{"embeddable":true,"href":"https:\/\/www.europesays.com\/fr\/wp-json\/wp\/v2\/users\/2"}],"replies":[{"embeddable":true,"href":"https:\/\/www.europesays.com\/fr\/wp-json\/wp\/v2\/comments?post=340929"}],"version-history":[{"count":0,"href":"https:\/\/www.europesays.com\/fr\/wp-json\/wp\/v2\/posts\/340929\/revisions"}],"wp:featuredmedia":[{"embeddable":true,"href":"https:\/\/www.europesays.com\/fr\/wp-json\/wp\/v2\/media\/340930"}],"wp:attachment":[{"href":"https:\/\/www.europesays.com\/fr\/wp-json\/wp\/v2\/media?parent=340929"}],"wp:term":[{"taxonomy":"category","embeddable":true,"href":"https:\/\/www.europesays.com\/fr\/wp-json\/wp\/v2\/categories?post=340929"},{"taxonomy":"post_tag","embeddable":true,"href":"https:\/\/www.europesays.com\/fr\/wp-json\/wp\/v2\/tags?post=340929"}],"curies":[{"name":"wp","href":"https:\/\/api.w.org\/{rel}","templated":true}]}}