{"id":340931,"date":"2025-08-24T16:16:22","date_gmt":"2025-08-24T16:16:22","guid":{"rendered":"https:\/\/www.europesays.com\/fr\/340931\/"},"modified":"2025-08-24T16:16:22","modified_gmt":"2025-08-24T16:16:22","slug":"fc-nantes-abline-de-nouveau-sur-le-banc-a-strasbourg-coquelin-titulaire-sport","status":"publish","type":"post","link":"https:\/\/www.europesays.com\/fr\/340931\/","title":{"rendered":"FC Nantes. Abline de nouveau sur le banc \u00e0 Strasbourg, Coquelin titulaire . Sport"},"content":{"rendered":"<p><a href=\"https:\/\/nantes.maville.com\/sport\/detail_-fc-nantes.-matthis-abline-au-centre-de-la-tension-_8-6943505_actu.Htm\" target=\"_blank\" rel=\"nofollow noopener\">L\u2019imbroglio Abline ne va pas se finir ce dimanche \u00e0 Strasbourg,<\/a> o\u00f9 se rend <a href=\"https:\/\/nantes.maville.com\/sport\/detail_-fc-nantes.-a-strasbourg-va-t-on-enfin-voir-la-vraie-patte-castro-_8-6944915_actu.Htm\" target=\"_blank\" rel=\"nofollow noopener\">le FC Nantes ce dimanche 24\u00a0ao\u00fbt 2025 \u00e0 l\u2019occasion de la 2e\u00a0journ\u00e9e de Ligue 1<\/a> (coup d\u2019envoi \u00e0 17\u00a0h\u00a015). Comme en ouverture de la saison face au Paris SG, Luis Castro a d\u00e9cid\u00e9 de laisser son attaquant sur le banc.<\/p>\n<p>En revanche, Francis Coquelin, qui \u00e9tait trop juste pour d\u00e9buter face au Paris SG, sera bien titulaire et m\u00eame capitaine en Alsace, \u00e0 la place de Kelvin Amian. Le Cor\u00e9en Kwon prend donc place sur le banc.<\/p>\n<p>C\u2019est le seul changement, le technicien portugais aligne la m\u00eame \u00e9quipe que dimanche dernier.<\/p>\n<p><strong>A lire aussi :<\/strong> <a href=\"https:\/\/nantes.maville.com\/sport\/detail_-football.-ligue-1-a-strasbourg-comme-au-fc-nantes-ce-n-est-pas-l-age-qui-compte-_8-6944670_actu.Htm\" target=\"_blank\" rel=\"nofollow noopener\">A Strasbourg comme au FC Nantes, ce n\u2019est pas l\u2019\u00e2ge qui compte<\/a><\/p>\n<p>Le onze du FC Nantes<\/p>\n<p>Lopes &#8211; Amian, Awaziem, Tati, Cozza &#8211; Coquelin (cap.), Lepenant, Leroux &#8211; Benhattab, Guirassy, Mohamed.<\/p>\n<p>Rempla\u00e7ants\u00a0: Carlgren (g.), Doucour\u00e9, Duverne, Kwon, Tabibou, Hong, Abline, Camara, El Arabi.<\/p>\n<p>\u00a0<\/p>\n","protected":false},"excerpt":{"rendered":"L\u2019imbroglio Abline ne va pas se finir ce dimanche \u00e0 Strasbourg, o\u00f9 se rend le FC Nantes ce&hellip;\n","protected":false},"author":2,"featured_media":340932,"comment_status":"","ping_status":"","sticky":false,"template":"","format":"standard","meta":{"footnotes":""},"categories":[2820],"tags":[1111,11,3809,1465,1777,674,63,1011,27,775,1792,1922,12,25,6689,479,517,640,1470,9693],"class_list":{"0":"post-340931","1":"post","2":"type-post","3":"status-publish","4":"format-standard","5":"has-post-thumbnail","7":"category-strasbourg","8":"tag-actu","9":"tag-actualites","10":"tag-ball","11":"tag-basket","12":"tag-eu","13":"tag-europe","14":"tag-football","15":"tag-fr","16":"tag-france","17":"tag-grand-est","18":"tag-handball","19":"tag-info","20":"tag-news","21":"tag-republique-francaise","22":"tag-roche","23":"tag-rugby","24":"tag-sport","25":"tag-strasbourg","26":"tag-volley","27":"tag-yon"},"share_on_mastodon":{"url":"https:\/\/pubeurope.com\/@fr\/115084642502997714","error":""},"_links":{"self":[{"href":"https:\/\/www.europesays.com\/fr\/wp-json\/wp\/v2\/posts\/340931","targetHints":{"allow":["GET"]}}],"collection":[{"href":"https:\/\/www.europesays.com\/fr\/wp-json\/wp\/v2\/posts"}],"about":[{"href":"https:\/\/www.europesays.com\/fr\/wp-json\/wp\/v2\/types\/post"}],"author":[{"embeddable":true,"href":"https:\/\/www.europesays.com\/fr\/wp-json\/wp\/v2\/users\/2"}],"replies":[{"embeddable":true,"href":"https:\/\/www.europesays.com\/fr\/wp-json\/wp\/v2\/comments?post=340931"}],"version-history":[{"count":0,"href":"https:\/\/www.europesays.com\/fr\/wp-json\/wp\/v2\/posts\/340931\/revisions"}],"wp:featuredmedia":[{"embeddable":true,"href":"https:\/\/www.europesays.com\/fr\/wp-json\/wp\/v2\/media\/340932"}],"wp:attachment":[{"href":"https:\/\/www.europesays.com\/fr\/wp-json\/wp\/v2\/media?parent=340931"}],"wp:term":[{"taxonomy":"category","embeddable":true,"href":"https:\/\/www.europesays.com\/fr\/wp-json\/wp\/v2\/categories?post=340931"},{"taxonomy":"post_tag","embeddable":true,"href":"https:\/\/www.europesays.com\/fr\/wp-json\/wp\/v2\/tags?post=340931"}],"curies":[{"name":"wp","href":"https:\/\/api.w.org\/{rel}","templated":true}]}}