{"id":340933,"date":"2025-08-24T16:17:12","date_gmt":"2025-08-24T16:17:12","guid":{"rendered":"https:\/\/www.europesays.com\/fr\/340933\/"},"modified":"2025-08-24T16:17:12","modified_gmt":"2025-08-24T16:17:12","slug":"les-amendes-pleuvent-avec-le-passage-du-radar-de-70-a-50-km-h-sur-la-route-du-bord-de-mer-entre-nice-et-cagnes-sur-mer","status":"publish","type":"post","link":"https:\/\/www.europesays.com\/fr\/340933\/","title":{"rendered":"Les amendes pleuvent avec le passage du radar de 70 \u00e0 50 km\/h sur la route du bord de mer entre Nice et Cagnes-sur-Mer"},"content":{"rendered":"<p>La route du bord de mer (RM6098) relie Nice \u00e0 Cagnes-sur-Mer dans le prolongement de la Prom\u2019. Pendant des ann\u00e9es, un tron\u00e7on \u00e9tait limit\u00e9 \u00e0 70km\/h au niveau de Saint-Laurent-du-Var.<\/p>\n<p>Sauf que depuis le 26 juin 2025, patrata. <a href=\"https:\/\/www.nicematin.com\/securite\/vitesse-limitee-a-50km-h-les-habitudes-resistent-995703\" target=\"_blank\" rel=\"noopener\">La mairie a d\u00e9cid\u00e9 d\u2019abaisser la vitesse \u00e0 50km\/h,<\/a> afin \u00ab\u00a0d\u2019harmoniser la vitesse sur tout l\u2019axe littoral pour transformer progressivement la RM 6098 en un boulevard urbain plus calme, plus s\u00fbr et plus agr\u00e9able \u00e0 vivre.\u00a0\u00bb Rien d\u2019illogique sur le papier&#8230;<\/p>\n<p>Or, sur cette route, il y a deux radars. Un dans chaque sens. Et depuis peu, les amendes pleuvent comme \u00e0 Gravelotte. Les nombreux automobilistes qui utilisent cette route depuis des ann\u00e9es, m\u00e9contents de recevoir des amendes, estiment n\u2019avoir pas \u00e9t\u00e9 pr\u00e9venus suffisamment du changement de limitation de vitesse. Sur les r\u00e9seaux sociaux, les plus \u00e9nerv\u00e9s parlent de \u00ab\u00a0racket\u00a0\u00bb, \u00e9voquant un changement \u00ab\u00a0en catimini\u00a0\u00bb.<\/p>\n<p>Et il n\u2019y va pas par quatre chemins. \u00ab\u00a0On le sait: le but n\u2019est pas notre s\u00e9curit\u00e9, il faut trouver un pognon de dingue pour assurer le train de vie pharaonique de la Ripoublique macronienne. Tous les coups bas sont permis et l\u2019automobiliste est un pigeon docile.\u00a0\u00bb<\/p>\n<p>\u00ab\u00a0J\u2019en ai d\u00e9j\u00e0 presque pour 1.000 euros\u00a0\u00bb<\/p>\n<p>C\u00e9dric, un Cagnois d\u2019une quarantaine d\u2019ann\u00e9es, est passablement en col\u00e8re. \u00ab\u00a0J\u2019ai d\u00e9j\u00e0 re\u00e7u 9 amendes, \u00e7a n\u2019arr\u00eate pas, d\u00e8s que j\u2019ouvre la bo\u00eete aux lettres j\u2019en trouve une nouvelle\u00a0\u00bb, raconte-t-il. P\u00e8re c\u00e9libataire de trois enfants, il prend sa voiture pour aller travailler au MIN tous les jours.<\/p>\n<p>\u00ab\u00a0Je ne peux pas payer, sinon, avec la perte de points, j\u2019ai d\u00e9j\u00e0 plus de permis. Et je vais en recevoir d\u2019autres. J\u2019en ai d\u00e9j\u00e0 pour presque 1.000 euros.\u00a0\u00bb Et d\u2019ajouter: \u00ab\u00a0Le probl\u00e8me, c\u2019est que ces radars nouvelle g\u00e9n\u00e9ration ne flashent pas, donc on ne sait m\u00eame pas quand on a \u00e9t\u00e9 pris&#8230; On travaille dur, on essaye d\u2019avancer dans la vie, et on se fait d\u00e9glinguer par les autorit\u00e9s, dit-il, d\u00e9pit\u00e9. Je suis un ouvrier, j\u2019ai besoin de ma voiture&#8230;\u00a0\u00bb<\/p>\n<p>Mise en cause, notamment sur les r\u00e9seaux sociaux, la mairie de Saint-Laurent-du-Var se d\u00e9fend. \u00ab\u00a0L\u2019abaissement de la vitesse maximale n\u2019a en aucun cas \u00e9t\u00e9 d\u00e9cid\u00e9 de mani\u00e8re soudaine ni sans information pr\u00e9alable. [&#8230;] La Ville tient donc \u00e0 rappeler que cette mesure n\u2019est ni brutale, ni punitive, mais au contraire guid\u00e9e par des enjeux de s\u00e9curit\u00e9, de cadre de vie et de continuit\u00e9 territoriale.\u00a0\u00bb<\/p>\n<p>Et d\u00e9taille ses mesures d\u2019annonce: \u00ab\u00a0Les panneaux de signalisation ont \u00e9t\u00e9 install\u00e9s en amont et en aval du tron\u00e7on concern\u00e9 pour pr\u00e9venir et informer massivement les automobilistes de ce changement d\u00e8s le 23 juin 2025: 6 panneaux d\u2019information (3 pour chaque sens de circulation), maintenus jusqu\u2019au 15 juillet. [&#8230;] La M\u00e9tropole a pos\u00e9 la signalisation officielle le 26 juin [&#8230;] De plus, la M\u00e9tropole diffuse, depuis le 27 juin, un message sur le grand panneau d\u2019information lumineux install\u00e9 sur le bord de RM 6098 (direction Nice). [&#8230;]Enfin, d\u00e8s le 27 juin, et durant une semaine, la police municipale a \u00e9t\u00e9 pr\u00e9sente physiquement d\u2019une mani\u00e8re pr\u00e9ventive et r\u00e9currente, pour accompagner et informer les conducteurs, avant toute verbalisation. Et le radar ne flache que depuis le 7 juillet.\u00a0\u00bb<\/p>\n<p>Le radar n\u2019a pas flash\u00e9 pendant 15 jours<\/p>\n<p>La pr\u00e9fecture se justifie \u00e9galement: \u00ab\u00a0D\u00e8s le 26 juin, la signalisation routi\u00e8re indiquait une limitation \u00e0 50km\/h et le d\u00e9but de la verbalisation a commenc\u00e9 le 7 juillet. Une p\u00e9riode de 15 jours a donc \u00e9t\u00e9 laiss\u00e9e pour permettre la prise en compte par les habitu\u00e9s de la diminution de la vitesse autoris\u00e9e. [&#8230;] Cette diminution de la vitesse n\u2019a donc rien \u00e0 voir avec une volont\u00e9 affirm\u00e9e par les autorit\u00e9s de prendre en tra\u00eetre les usagers, mais avec une n\u00e9cessaire s\u00e9curisation des travers\u00e9es pi\u00e9tonnes.\u00a0\u00bb<\/p>\n<p>Ajoutant toutefois: \u00ab\u00a0Le d\u00e9lai de 15 jours et les actions d\u2019information mises en place par la municipalit\u00e9 n\u2019ont, semble-t-il, pas \u00e9t\u00e9 suffisants pour que les usagers habitu\u00e9s ne se rendent compte de l\u2019abaissement \u00e0 50km\/h. Lors des trajets habituels, les automatismes de conduite freinent la perception des \u00e9volutions de la signalisation.\u00a0\u00bb<\/p>\n<p>De son c\u00f4t\u00e9, la mairie de Saint-Laurent temp\u00e8re \u00e9galement: \u00ab\u00a0Il est compr\u00e9hensible que certains automobilistes puissent se sentir pris de court apr\u00e8s avoir \u00e9t\u00e9 verbalis\u00e9s, pour certains \u00e0 plusieurs reprises, \u00e0 des vitesses inf\u00e9rieures \u00e0 70km\/h sur un trajet qu\u2019ils avaient l\u2019habitude de prendre en ne pr\u00eatant plus attention \u00e0 la signalisation des limitations de vitesse. Si certains conducteurs estiment avoir \u00e9t\u00e9 p\u00e9nalis\u00e9s injustement, il leur appartient d\u2019exercer les voies de recours pr\u00e9vues par la loi.\u00a0\u00bb<\/p>\n<p>Concernant le panneau annon\u00e7ant le radar, il a \u00e9t\u00e9 bricol\u00e9 avec du papier, pour remplacer le 70 par un 50 (photo), ce que certains conducteurs pointent du doigt. \u00ab\u00a0Le 3 juillet, la demande de changement de panneau avec la mention 50 a \u00e9t\u00e9 adress\u00e9e au niveau national pour une intervention initialement planifi\u00e9e au 7 juillet, r\u00e9pond la pr\u00e9fecture. Il n\u2019y a pas d\u2019avanc\u00e9e sur ce point depuis. Cependant, il n\u2019y a pas d\u2019obligation l\u00e9gale d\u2019implanter ce type de panneau, le panneau indiquant la pr\u00e9sence du radar suffit.\u00a0\u00bb<\/p>\n","protected":false},"excerpt":{"rendered":"La route du bord de mer (RM6098) relie Nice \u00e0 Cagnes-sur-Mer dans le prolongement de la Prom\u2019. Pendant&hellip;\n","protected":false},"author":2,"featured_media":340934,"comment_status":"","ping_status":"","sticky":false,"template":"","format":"standard","meta":{"footnotes":""},"categories":[2819],"tags":[1111,11,1777,674,1011,27,803,12,2401,882,25,3366],"class_list":{"0":"post-340933","1":"post","2":"type-post","3":"status-publish","4":"format-standard","5":"has-post-thumbnail","7":"category-nice","8":"tag-actu","9":"tag-actualites","10":"tag-eu","11":"tag-europe","12":"tag-fr","13":"tag-france","14":"tag-info-trafic","15":"tag-news","16":"tag-nice","17":"tag-provence-alpes-cote-dazur","18":"tag-republique-francaise","19":"tag-vie-locale"},"share_on_mastodon":{"url":"https:\/\/pubeurope.com\/@fr\/115084646507733452","error":""},"_links":{"self":[{"href":"https:\/\/www.europesays.com\/fr\/wp-json\/wp\/v2\/posts\/340933","targetHints":{"allow":["GET"]}}],"collection":[{"href":"https:\/\/www.europesays.com\/fr\/wp-json\/wp\/v2\/posts"}],"about":[{"href":"https:\/\/www.europesays.com\/fr\/wp-json\/wp\/v2\/types\/post"}],"author":[{"embeddable":true,"href":"https:\/\/www.europesays.com\/fr\/wp-json\/wp\/v2\/users\/2"}],"replies":[{"embeddable":true,"href":"https:\/\/www.europesays.com\/fr\/wp-json\/wp\/v2\/comments?post=340933"}],"version-history":[{"count":0,"href":"https:\/\/www.europesays.com\/fr\/wp-json\/wp\/v2\/posts\/340933\/revisions"}],"wp:featuredmedia":[{"embeddable":true,"href":"https:\/\/www.europesays.com\/fr\/wp-json\/wp\/v2\/media\/340934"}],"wp:attachment":[{"href":"https:\/\/www.europesays.com\/fr\/wp-json\/wp\/v2\/media?parent=340933"}],"wp:term":[{"taxonomy":"category","embeddable":true,"href":"https:\/\/www.europesays.com\/fr\/wp-json\/wp\/v2\/categories?post=340933"},{"taxonomy":"post_tag","embeddable":true,"href":"https:\/\/www.europesays.com\/fr\/wp-json\/wp\/v2\/tags?post=340933"}],"curies":[{"name":"wp","href":"https:\/\/api.w.org\/{rel}","templated":true}]}}