{"id":340938,"date":"2025-08-24T16:20:15","date_gmt":"2025-08-24T16:20:15","guid":{"rendered":"https:\/\/www.europesays.com\/fr\/340938\/"},"modified":"2025-08-24T16:20:15","modified_gmt":"2025-08-24T16:20:15","slug":"strasbourg-fc-nantes-coquelin-titulaire-abline-encore-remplacant-les-compositions","status":"publish","type":"post","link":"https:\/\/www.europesays.com\/fr\/340938\/","title":{"rendered":"Strasbourg &#8211; FC Nantes. Coquelin titulaire, Abline encore rempla\u00e7ant\u2026 Les compositions"},"content":{"rendered":"<p>Apr\u00e8s <a href=\"https:\/\/nantes.maville.com\/sport\/detail_-loire-atlantique-fc-nantes-psg.-des-canaris-solidaires-mais-plombes-par-leur-dechet-technique-_8-6938362_actu.Htm\" target=\"_self\" rel=\"noopener\">sa d\u00e9faite inaugurale contre le Paris Saint-Germain (1-0)<\/a>, le FC Nantes se d\u00e9place \u00e0 la Meinau, ce dimanche 24\u00a0ao\u00fbt (17\u00a0h\u00a015), pour affronter le RC Strasbourg \u00e0 l\u2019occasion de la 2e\u00a0journ\u00e9e de Ligue 1. Un seulement changement dans la composition de d\u00e9part nantaise. Luis Castro a d\u00e9cid\u00e9 de titulariser Francis Coquelin, qui n\u2019\u00e9tait pas \u00e0 100\u00a0% face au PSG, aux d\u00e9pens de Kwon, au poste de sentinelle dans un 4-3-3\u00a0classique. L\u2019ancien joueur d\u2019Arsenal r\u00e9cup\u00e8re au passage le brassard de capitaine \u00e0 Kelvin Amian.<\/p>\n<p>Par contre, toujours pas de Matthis Abline dans le onze de d\u00e9part. L\u2019attaquant international espoirs, qui souhaite quitter le club, avait \u00e9t\u00e9 <a href=\"https:\/\/rennes.maville.com\/sport\/detail_-fc-nantes.-ca-se-tend-entre-matthis-abline-et-les-canaris-_52674-6940798_actu.Htm\" target=\"_self\" rel=\"noopener\">recadr\u00e9 par son entra\u00eeneur<\/a> apr\u00e8s une entr\u00e9e peu convaincante face aux Parisiens. Il va donc devoir de nouveau patienter sur le banc de touche pour pouvoir s\u2019illustrer.<\/p>\n<p>\u00c0 signaler dans la composition strasbourgeoise, la premi\u00e8re titularisation de la recrue \u00e9quatorienne Kendry Paez, annonc\u00e9 comme une p\u00e9pite.<\/p>\n<p><strong>FC NANTES (4-3-3)\u00a0:<\/strong> Lopes &#8211; Amian (cap.), Awaziem, Tati, Cozza &#8211; Coquelin (cap.), Lepenant, Leroux &#8211; Benhattab, Mohamed, Guirassy.<\/p>\n<p>Rempla\u00e7ants\u00a0: Carlgren (g), Doucour\u00e9, Duverne, Kwon, Hong, Tabibou, Abline, Camara, El Arabi.<\/p>\n<p>Entra\u00eeneur\u00a0: Luis Castro.<\/p>\n<p><strong>STRASBOURG (3-5-2)\u00a0:<\/strong> Johnsson &#8211; Doukour\u00e9, Omobamidele, Sarr (cap.) &#8211; Ouattara, El Mourabet, Mwanga, Lemar\u00e9chal, Nanasi &#8211; Paez, Panichelli.<\/p>\n<p>Rempla\u00e7ants\u00a0: Bajic (g), Barco, Sobol, Moreira, Amo-Ameyaw, Rafael Luis, Emegha, Bakwa, Mara.<\/p>\n<p>Entra\u00eeneur\u00a0: Liam Rosenior.<\/p>\n<p>\u00a0<\/p>\n","protected":false},"excerpt":{"rendered":"Apr\u00e8s sa d\u00e9faite inaugurale contre le Paris Saint-Germain (1-0), le FC Nantes se d\u00e9place \u00e0 la Meinau, ce&hellip;\n","protected":false},"author":2,"featured_media":340939,"comment_status":"","ping_status":"","sticky":false,"template":"","format":"standard","meta":{"footnotes":""},"categories":[2818],"tags":[1111,11,3809,1465,1777,674,63,1011,27,1792,1922,766,12,2636,25,6689,479,517,1470,9693],"class_list":{"0":"post-340938","1":"post","2":"type-post","3":"status-publish","4":"format-standard","5":"has-post-thumbnail","7":"category-nantes","8":"tag-actu","9":"tag-actualites","10":"tag-ball","11":"tag-basket","12":"tag-eu","13":"tag-europe","14":"tag-football","15":"tag-fr","16":"tag-france","17":"tag-handball","18":"tag-info","19":"tag-nantes","20":"tag-news","21":"tag-pays-de-la-loire","22":"tag-republique-francaise","23":"tag-roche","24":"tag-rugby","25":"tag-sport","26":"tag-volley","27":"tag-yon"},"share_on_mastodon":{"url":"https:\/\/pubeurope.com\/@fr\/115084658257671243","error":""},"_links":{"self":[{"href":"https:\/\/www.europesays.com\/fr\/wp-json\/wp\/v2\/posts\/340938","targetHints":{"allow":["GET"]}}],"collection":[{"href":"https:\/\/www.europesays.com\/fr\/wp-json\/wp\/v2\/posts"}],"about":[{"href":"https:\/\/www.europesays.com\/fr\/wp-json\/wp\/v2\/types\/post"}],"author":[{"embeddable":true,"href":"https:\/\/www.europesays.com\/fr\/wp-json\/wp\/v2\/users\/2"}],"replies":[{"embeddable":true,"href":"https:\/\/www.europesays.com\/fr\/wp-json\/wp\/v2\/comments?post=340938"}],"version-history":[{"count":0,"href":"https:\/\/www.europesays.com\/fr\/wp-json\/wp\/v2\/posts\/340938\/revisions"}],"wp:featuredmedia":[{"embeddable":true,"href":"https:\/\/www.europesays.com\/fr\/wp-json\/wp\/v2\/media\/340939"}],"wp:attachment":[{"href":"https:\/\/www.europesays.com\/fr\/wp-json\/wp\/v2\/media?parent=340938"}],"wp:term":[{"taxonomy":"category","embeddable":true,"href":"https:\/\/www.europesays.com\/fr\/wp-json\/wp\/v2\/categories?post=340938"},{"taxonomy":"post_tag","embeddable":true,"href":"https:\/\/www.europesays.com\/fr\/wp-json\/wp\/v2\/tags?post=340938"}],"curies":[{"name":"wp","href":"https:\/\/api.w.org\/{rel}","templated":true}]}}