{"id":340944,"date":"2025-08-24T16:23:14","date_gmt":"2025-08-24T16:23:14","guid":{"rendered":"https:\/\/www.europesays.com\/fr\/340944\/"},"modified":"2025-08-24T16:23:14","modified_gmt":"2025-08-24T16:23:14","slug":"toulouse-ville-de-running-voici-8-parcours-pour-courir-entre-patrimoine-verdure-et-garonne","status":"publish","type":"post","link":"https:\/\/www.europesays.com\/fr\/340944\/","title":{"rendered":"Toulouse, ville de running ? Voici 8 parcours pour courir entre patrimoine, verdure et Garonne"},"content":{"rendered":"<p>            Par<br \/>\n        <strong><br \/>\n            <a href=\"https:\/\/actu.fr\/auteur\/lea-afonso\" title=\"Consulter tous les articles de L\u00e9a Afonso\" target=\"_blank\" rel=\"noopener\">L\u00e9a Afonso<\/a><br \/>\n        <\/strong><\/p>\n<p>        Publi\u00e9 le<\/p>\n<p>            24 ao\u00fbt 2025 \u00e0 16h18        <\/p>\n<p>Les fervents amateurs de courses ou ceux qui d\u00e9butent l\u2019auront remarqu\u00e9\u2009: avec<a href=\"https:\/\/actu.fr\/occitanie\/fronton_31202\/apres-la-canicule-des-orages-annonces-a-toulouse-et-en-haute-garonne-le-secteur-ou-il-va-le-plus-pleuvoir_63045784.html\" target=\"_blank\" rel=\"noopener\"> la baisse des temp\u00e9ratures<\/a>, sortir <strong>courir<\/strong> redevient un plaisir\u2009! Entre ses berges, ses parcs et ses quartiers au riche pass\u00e9, <a href=\"https:\/\/actu.fr\/toulouse\/\" target=\"_blank\" rel=\"noopener\">Toulouse<\/a> regorge d\u2019itin\u00e9raires parfaits pour la course \u00e0 pied. Que vous soyez joggeur matinal, marathonien du dimanche ou simple amateur de footing, voici <strong>huit id\u00e9es de sorties,<\/strong> test\u00e9es et \u2014 presque toutes \u2014 approuv\u00e9es par Actu Toulouse, pour red\u00e9couvrir la Ville rose en foul\u00e9es.<\/p>\n<p>#1. Les berges de la Garonne pour courir entre eau et patrimoine<br \/>\n    <img   decoding=\"async\" loading=\"lazy\" src=\"https:\/\/www.europesays.com\/fr\/wp-content\/uploads\/2025\/08\/garonne-mois-daout5-960x640.jpg\" alt=\"Une promenade sportive sur les berges de la Garonne.\" width=\"960\" height=\"640\"\/><br \/>\n    Une promenade sportive sur les berges de la Garonne. (\u00a9L\u00e9a Afonso \/ Actu Toulouse)<\/p>\n<p class=\" wall-content\">La sortie \u00ab\u2009classico classique\u2009\u00bb du Toulousain, c\u2019est celle-ci\u2009: les <strong>berges de la Garonne<\/strong>. Pour un petit run entre<strong> 5 et 7\u00a0km<\/strong>, partez de la place Saint-Pierre, face au majestueux <a href=\"https:\/\/actu.fr\/occitanie\/toulouse_31555\/en-images-le-jardin-autour-du-dome-de-la-grave-est-fini-voici-son-nouveau-visage_62741059.html\" target=\"_blank\" rel=\"noopener\">d\u00f4me de La Grave.<\/a> Longez ensuite les quais jusqu\u2019au Pont Neuf, avant de filer le long de la Prairie des Filtres, pour un peu de verdure. Pour varier, on peut traverser le Pont Saint-Michel et remonter par la Passerelle Viguerie. Id\u00e9al pour allier nature et monuments embl\u00e9matiques.<\/p>\n<p class=\" wall-content\">Le conseil d\u2019Actu\u2009: une sortie id\u00e9ale, mais attention quand il fait chaud, il y a peu d\u2019endroits pour s\u2019abriter du soleil.<\/p>\n<p>#2. Le Canal du midi qui allie fra\u00eecheur et tranquillit\u00e9<br \/>\n    <img   decoding=\"async\" loading=\"lazy\" src=\"https:\/\/www.europesays.com\/fr\/wp-content\/uploads\/2025\/08\/whatsapp-image-2025-02-25-a-135900-870512a4-960x640.jpg\" alt=\"Courir le long du canal du midi avec deux ambiances possible : le tumulte de la ville ou le calme. \" width=\"960\" height=\"640\"\/><br \/>\n    Courir le long du canal du midi avec deux ambiances possibles\u2009: le tumulte de la ville ou le calme. (\u00a9L\u00e9a Afonso \/ Actu Toulouse)<\/p>\n<p class=\" wall-content\">Pour une sortie d\u2019un<strong>e dizaine de kilom\u00e8tres<\/strong> et plus, direction les<strong> berges du Canal.<\/strong> Pour une <strong>partie plus urbaine,<\/strong> partez du port de l\u2019embouchure et remontez jusqu\u2019o\u00f9 bon vous semble. Pour une<strong> partie plus nature<\/strong>, allez au d\u00e9part du Port Saint-Sauveur, en direction de Rangueil ou Ramonville, pour une immersion paisible entre les arbres et les p\u00e9niches.<\/p>\n<p class=\" wall-content\">Le conseil d\u2019Actu\u2009: sont \u00e0 voir en chemin les \u00e9cluses anciennes, les bateaux de plaisance, les ponts en briques rouges\u2026 Le silence du canal apr\u00e8s la rocade et le Pont-Canal des Herbettes est tr\u00e8s apaisant\u2009!<\/p>\n<p>Votre r\u00e9gion, votre actu !<\/p>\n<p>Recevez chaque jour les infos qui comptent pour vous.<\/p>\n<p>\t<a href=\"https:\/\/actu.fr\/newsletter\" class=\"ac-btn ac-btn--corner ac-btn--medium ac-btn--blue800\" target=\"_blank\" rel=\"noopener\">S&rsquo;incrire<\/a><br \/>\n#3. Un run patrimonial dans le centre historique<br \/>\n    <img   decoding=\"async\" loading=\"lazy\" src=\"https:\/\/www.europesays.com\/fr\/wp-content\/uploads\/2025\/08\/saint-sernin-1-960x640.jpg\" alt=\"Profiter de la vue sur les b\u00e2timents toulousains.\" width=\"960\" height=\"640\"\/><br \/>\n    Profiter de la vue sur les b\u00e2timents toulousains. (\u00a9L\u00e9a Afonso \/ Actu Toulouse)<\/p>\n<p class=\" wall-content\">Qui a dit que la course ne pouvait pas nous instruire\u2009? Direction une<strong> sortie patrimoniale<\/strong>, \u00e0 petite foul\u00e9e. Sur environ<strong> 5\u00a0km<\/strong>, partez de la place du Capitole pour ce circuit court, mais charg\u00e9 d\u2019histoire. On remonte vers la Basilique Saint-Sernin, puis le Couvent des Jacobins, avant de redescendre vers la Daurade par les ruelles m\u00e9di\u00e9vales.<\/p>\n<p class=\" wall-content\">Le conseil d\u2019Actu\u2009: une sortie qui se doit d\u2019\u00eatre faite<strong> t\u00f4t le matin<\/strong> ou apr\u00e8s la fermeture des magasins en raison de l\u2019affluence dans les rues.<\/p>\n<p>#4. Une boucle verte au c\u0153ur de la ville<br \/>\n    <img   decoding=\"async\" loading=\"lazy\" src=\"https:\/\/www.europesays.com\/fr\/wp-content\/uploads\/2025\/08\/soleil-et-chaleur-1-960x640.jpg\" alt=\"Passer dans les jardins de la ville, ici au Grand Rond.\" width=\"960\" height=\"640\"\/><br \/>\n    Passer dans les jardins de la ville, ici au Grand Rond. (\u00a9L\u00e9a Afonso \/ Actu Toulouse)<\/p>\n<p class=\" wall-content\">Pour une petite <strong>parenth\u00e8se v\u00e9g\u00e9tale<\/strong> d\u2019un peu plus de <strong>5km<\/strong> en pleine <strong>ville<\/strong>, partez du Jardin des Plantes, encha\u00eenez avec le Jardin Royal via le Grand Rond. Puis poursuivez vers les all\u00e9es Fr\u00e9d\u00e9ric Mistral ou vers le Canal.<\/p>\n<p class=\" wall-content\">Le conseil d\u2019Actu\u2009: un run id\u00e9al pour un footing l\u00e9ger, \u00e0 l\u2019abri du soleil, ou pour courir en famille et entre amis. Sont \u00e0 admirer les statues, fontaines et plan d\u2019eau.<\/p>\n<p>#5. Du quartier Oncopole \u00e0 l\u2019\u00eele du Ramier\u2009: direction la p\u00e9riph\u00e9rie<br \/>\n    <img   decoding=\"async\" loading=\"lazy\" src=\"https:\/\/www.europesays.com\/fr\/wp-content\/uploads\/2025\/08\/img-0053-960x640.jpg\" alt=\"Ne pas h\u00e9siter \u00e0 sortir des parcours habituels et se rendre vers l'Oncopole et le m\u00e9morial d'AZF.\" width=\"960\" height=\"640\"\/><br \/>\n    Ne pas h\u00e9siter \u00e0 sortir des parcours habituels et se rendre vers l\u2019Oncopole et le m\u00e9morial d\u2019AZF. (\u00a9L\u00e9a Afonso \/ Actu Toulouse)<\/p>\n<p class=\" wall-content\">\u00c9loignons-nous un peu du centre-ville pour un parcours plus long\u2009: <strong>10km<\/strong> et au-del\u00e0. Cette sortie est plus connue des amateurs de footing que des d\u00e9butants et donc moins fr\u00e9quent\u00e9e. Rendez-vous \u00e0 <a href=\"https:\/\/actu.fr\/occitanie\/toulouse_31555\/toulouse-le-traumatisme-azf-perdure-le-projet-d-usine-de-paracetamol-seveso-epingle-par-un-rapport_63014781.html\" target=\"_blank\" rel=\"noopener\"><strong>l\u2019Oncopole<\/strong><\/a>, dans ce secteur en pleine mutation. Puis suivez la voie verte (ancienne voie ferr\u00e9e) en direction de<strong> l\u2019\u00eele du ramier<\/strong>, sans oublier de faire un petit coucou \u00e0 <a href=\"https:\/\/actu.fr\/occitanie\/toulouse_31555\/toulouse-teleo-rames-courtes-du-metro-des-changements-notables-sur-le-reseau-tisseo-des-ce-lundi_63045660.html\" target=\"_blank\" rel=\"noopener\">T\u00e9l\u00e9o<\/a>.<\/p>\n<p class=\" wall-content\">Le conseil d\u2019Actu\u2009: ce run est parfait pour alterner bitume et nature, pour contempler la colline de Pech David et pourquoi pas passer sur la nouvelle <a href=\"https:\/\/actu.fr\/occitanie\/toulouse_31555\/toulouse-ces-deux-passerelles-vont-ouvrir-au-public-on-vous-dit-quand_61221062.html\" target=\"_blank\" rel=\"noopener\">passerelle d\u2019Empalot<\/a>\u2009!<\/p>\n<p>#6. Coul\u00e9e verte de Blagnac\u2009: la nature aux portes de Toulouse<\/p>\n<p class=\" wall-content\">Depuis le <strong>Parc du Ritouret \u00e0 Blagnac <\/strong>(proche du tram), suivez la direction du Parc des Ramiers, puis des petites foul\u00e9es vers le vieux pont de Blagnac<strong> jusqu\u2019au pont des Catalans<\/strong> \u00e0 Toulouse. Ici, un beau parcours am\u00e9nag\u00e9 s\u2019offre \u00e0 vous, le tout sans voiture et avec une belle vue sur la Garonne\u2009!<\/p>\n<p class=\" wall-content\">Le conseil d\u2019Actu\u2009: ici le bonus, ce sont les avions en arri\u00e8re-plan, mais attention \u00e0 ne pas tr\u00e9bucher la t\u00eate en l\u2019air\u2009!<\/p>\n<p>#7. De la nature aux avions<\/p>\n<p class=\" wall-content\">Pour un parcours de <strong>plus de 10km,<\/strong> si vous voulez changer vos habitudes en m\u00ealant for\u00eat, industrie et aviation, direction Beauzelle et Blagnac. Parcourez les all\u00e9es du <strong>parc arbor\u00e9 des Quinze-Sols,<\/strong> admirez la vue en longeant la Garonne, puis suivez la piste cyclable vers les hangars <a href=\"https:\/\/actu.fr\/toulouse\/airbus\" target=\"_blank\" rel=\"noopener\"><strong>d\u2019Airbus<\/strong><\/a>. Au bout du chemin, le mus\u00e9e <strong>Aeroscopia<\/strong> vous attend avec ses avions mythiques en exposition.<\/p>\n<p class=\" wall-content\">Le conseil d\u2019Actu\u2009: une sortie parfaite pour les passionn\u00e9s d\u2019aviation. Vous pourrez peut-\u00eatre apercevoir un A350 ou un Beluga\u2009!<\/p>\n<p>#8. Pech David\u2009: d\u00e9nivel\u00e9 et panorama<br \/>\n    <img   decoding=\"async\" loading=\"lazy\" src=\"https:\/\/www.europesays.com\/fr\/wp-content\/uploads\/2025\/08\/pech-david-soir-960x640.jpeg\" alt=\"La sortie la plus difficile reste celle sur la colline de Pech David.\" width=\"960\" height=\"640\"\/><br \/>\n    La sortie la plus difficile reste celle sur la colline de Pech David. (\u00a9Mar\u00e9va Laville \/ Actu Toulouse)<\/p>\n<p class=\" wall-content\">Cette derni\u00e8re sortie, plus ou moins longue selon vos envies et vos capacit\u00e9s, est certainement la plus <strong>difficile<\/strong>. Avis aux amateurs de cardio, direction la <strong>colline de Pech David<\/strong>. Depuis le sommet \u2014 ou d\u2019en bas pour les plus t\u00e9m\u00e9raires \u2014 partez sur les sentiers bois\u00e9s avec plusieurs vues spectaculaires sur Toulouse, l\u2019H\u00f4pital Rangueil, l\u2019Universit\u00e9 Paul Sabatier ou encore les Pyr\u00e9n\u00e9es par temps clair. Il est ensuite possible de redescendre vers la Garonne ou de rejoindre l\u2019Observatoire.<\/p>\n<p class=\" wall-content\">Le conseil d\u2019Actu\u2009: si la vue est remarquable, elle en vaut un bon cardio. Un run pour les plus aguerris.<\/p>\n<p class=\" wall-content\">Personnalisez votre actualit\u00e9 en ajoutant vos villes et m\u00e9dias en favori avec <a href=\"https:\/\/moncompte.actu.fr\" title=\"D\u00e9couvez Mon Actu\" rel=\"nofollow noopener\" data-trk=\"{&quot;cta&quot;:{&quot;action&quot;:&quot;https:\\\/\\\/moncompte.actu.fr&quot;,&quot;category&quot;:&quot;mon compte&quot;,&quot;from&quot;:&quot;article footer&quot;,&quot;name&quot;:&quot;Mon actu&quot;,&quot;type&quot;:&quot;cta&quot;}}\" target=\"_blank\">Mon Actu<\/a>.<\/p>\n","protected":false},"excerpt":{"rendered":"Par L\u00e9a Afonso Publi\u00e9 le 24 ao\u00fbt 2025 \u00e0 16h18 Les fervents amateurs de courses ou ceux qui&hellip;\n","protected":false},"author":2,"featured_media":340945,"comment_status":"","ping_status":"","sticky":false,"template":"","format":"standard","meta":{"footnotes":""},"categories":[2816],"tags":[1111,11,1777,674,1011,27,1652,12,2680,25,1341,517,2312],"class_list":{"0":"post-340944","1":"post","2":"type-post","3":"status-publish","4":"format-standard","5":"has-post-thumbnail","7":"category-toulouse","8":"tag-actu","9":"tag-actualites","10":"tag-eu","11":"tag-europe","12":"tag-fr","13":"tag-france","14":"tag-loisirs-culture","15":"tag-news","16":"tag-occitanie","17":"tag-republique-francaise","18":"tag-sortir-a-toulouse","19":"tag-sport","20":"tag-toulouse"},"share_on_mastodon":{"url":"https:\/\/pubeurope.com\/@fr\/115084670310510412","error":""},"_links":{"self":[{"href":"https:\/\/www.europesays.com\/fr\/wp-json\/wp\/v2\/posts\/340944","targetHints":{"allow":["GET"]}}],"collection":[{"href":"https:\/\/www.europesays.com\/fr\/wp-json\/wp\/v2\/posts"}],"about":[{"href":"https:\/\/www.europesays.com\/fr\/wp-json\/wp\/v2\/types\/post"}],"author":[{"embeddable":true,"href":"https:\/\/www.europesays.com\/fr\/wp-json\/wp\/v2\/users\/2"}],"replies":[{"embeddable":true,"href":"https:\/\/www.europesays.com\/fr\/wp-json\/wp\/v2\/comments?post=340944"}],"version-history":[{"count":0,"href":"https:\/\/www.europesays.com\/fr\/wp-json\/wp\/v2\/posts\/340944\/revisions"}],"wp:featuredmedia":[{"embeddable":true,"href":"https:\/\/www.europesays.com\/fr\/wp-json\/wp\/v2\/media\/340945"}],"wp:attachment":[{"href":"https:\/\/www.europesays.com\/fr\/wp-json\/wp\/v2\/media?parent=340944"}],"wp:term":[{"taxonomy":"category","embeddable":true,"href":"https:\/\/www.europesays.com\/fr\/wp-json\/wp\/v2\/categories?post=340944"},{"taxonomy":"post_tag","embeddable":true,"href":"https:\/\/www.europesays.com\/fr\/wp-json\/wp\/v2\/tags?post=340944"}],"curies":[{"name":"wp","href":"https:\/\/api.w.org\/{rel}","templated":true}]}}