{"id":340946,"date":"2025-08-24T16:24:13","date_gmt":"2025-08-24T16:24:13","guid":{"rendered":"https:\/\/www.europesays.com\/fr\/340946\/"},"modified":"2025-08-24T16:24:13","modified_gmt":"2025-08-24T16:24:13","slug":"l1-toulouse-0-0-brest-mi-tps-football","status":"publish","type":"post","link":"https:\/\/www.europesays.com\/fr\/340946\/","title":{"rendered":"L1 : Toulouse 0-0 Brest (mi-tps) &#8211; Football"},"content":{"rendered":"<p>afficher la suite &#8230;<\/p>\n<p class=\"par1\">\u00c0 la pause d\u2019une rencontre assez soporifique, Toulouse et Brest se neutralisent (0-0) ce dimanche, dans le cadre de la 2e journ\u00e9e de Ligue 1.<\/p>\n<p class=\"par1\">Ind\u00e9cise sur le papier, la rencontre l\u2019a aussi \u00e9t\u00e9 sur le terrain. Apr\u00e8s un bon d\u00e9but de match sans v\u00e9ritable occasion franche, les Violets ont \u00e9trangement laiss\u00e9 le cuir \u00e0 leurs adversaires, qui ont eux r\u00e9ussi \u00e0 se montrer dangereux via Bald\u00e9. Derri\u00e8re, les hommes de Carles Martinez Novell ont timidement r\u00e9agi par l\u2019interm\u00e9diaire de Sauer, dont le coup de casque n\u2019a pas accroch\u00e9 le cadre. Avant de v\u00e9ritablement faire trembler l&rsquo;\u00e9quipe adverse gr\u00e2ce \u00e0 Donnum, lequel a trouv\u00e9 la barre transversale sur un centre millim\u00e9tr\u00e9 de Gboho ! En esp\u00e9rant davantage de spectacle lors du second acte\u2026<\/p>\n<p><b><a target=\"_blank\" href=\"https:\/\/www.maxifoot-live.com\" rel=\"nofollow noopener\">Suivez l&rsquo;\u00e9volution du score de cette rencontre et le nom des buteurs en direct sur le Live-Score de Maxifoot.<\/a><\/b><b>Lu 258 fois<\/b> &#8211;  Gilles Campos &#8211; 24\/08\/25 \u00e0 18h05 <a target=\"_blank\" rel=\"nofollow noopener\" class=\"impr\" href=\"https:\/\/news.maxifoot.fr\/439508\/imprime.php\" title=\"Imprimer cette breve\">\u00a0<\/a><br class=\"aut1\"\/><\/p>\n","protected":false},"excerpt":{"rendered":"afficher la suite &#8230; \u00c0 la pause d\u2019une rencontre assez soporifique, Toulouse et Brest se neutralisent (0-0) ce&hellip;\n","protected":false},"author":2,"featured_media":340947,"comment_status":"","ping_status":"","sticky":false,"template":"","format":"standard","meta":{"footnotes":""},"categories":[2816],"tags":[1111,11,1777,674,1011,27,12,2680,25,2312],"class_list":{"0":"post-340946","1":"post","2":"type-post","3":"status-publish","4":"format-standard","5":"has-post-thumbnail","7":"category-toulouse","8":"tag-actu","9":"tag-actualites","10":"tag-eu","11":"tag-europe","12":"tag-fr","13":"tag-france","14":"tag-news","15":"tag-occitanie","16":"tag-republique-francaise","17":"tag-toulouse"},"share_on_mastodon":{"url":"https:\/\/pubeurope.com\/@fr\/115084674109646599","error":""},"_links":{"self":[{"href":"https:\/\/www.europesays.com\/fr\/wp-json\/wp\/v2\/posts\/340946","targetHints":{"allow":["GET"]}}],"collection":[{"href":"https:\/\/www.europesays.com\/fr\/wp-json\/wp\/v2\/posts"}],"about":[{"href":"https:\/\/www.europesays.com\/fr\/wp-json\/wp\/v2\/types\/post"}],"author":[{"embeddable":true,"href":"https:\/\/www.europesays.com\/fr\/wp-json\/wp\/v2\/users\/2"}],"replies":[{"embeddable":true,"href":"https:\/\/www.europesays.com\/fr\/wp-json\/wp\/v2\/comments?post=340946"}],"version-history":[{"count":0,"href":"https:\/\/www.europesays.com\/fr\/wp-json\/wp\/v2\/posts\/340946\/revisions"}],"wp:featuredmedia":[{"embeddable":true,"href":"https:\/\/www.europesays.com\/fr\/wp-json\/wp\/v2\/media\/340947"}],"wp:attachment":[{"href":"https:\/\/www.europesays.com\/fr\/wp-json\/wp\/v2\/media?parent=340946"}],"wp:term":[{"taxonomy":"category","embeddable":true,"href":"https:\/\/www.europesays.com\/fr\/wp-json\/wp\/v2\/categories?post=340946"},{"taxonomy":"post_tag","embeddable":true,"href":"https:\/\/www.europesays.com\/fr\/wp-json\/wp\/v2\/tags?post=340946"}],"curies":[{"name":"wp","href":"https:\/\/api.w.org\/{rel}","templated":true}]}}