{"id":340948,"date":"2025-08-24T16:25:10","date_gmt":"2025-08-24T16:25:10","guid":{"rendered":"https:\/\/www.europesays.com\/fr\/340948\/"},"modified":"2025-08-24T16:25:10","modified_gmt":"2025-08-24T16:25:10","slug":"metro-cafards-braderie-voici-les-infos-marquantes-de-la-semaine-a-lille","status":"publish","type":"post","link":"https:\/\/www.europesays.com\/fr\/340948\/","title":{"rendered":"M\u00e9tro, cafards, Braderie&#8230; Voici les infos marquantes de la semaine \u00e0 Lille"},"content":{"rendered":"<p>            Par<br \/>\n        <strong><br \/>\n            <a href=\"https:\/\/actu.fr\/auteur\/nicolas-demollien\" title=\"Consulter tous les articles de Nicolas Demollien\" target=\"_blank\" rel=\"noopener\">Nicolas Demollien<\/a><br \/>\n        <\/strong><\/p>\n<p>        Publi\u00e9 le<\/p>\n<p>            24 ao\u00fbt 2025 \u00e0 17h42        <\/p>\n<p>Des n<b>ouvelles coupures du m\u00e9tro<\/b> <a href=\"https:\/\/actu.fr\/tag\/ilevia\" target=\"_blank\" rel=\"noopener\">Il\u00e9via<\/a> en passant par les <b>cafards<\/b> au <a href=\"https:\/\/actu.fr\/tag\/chu-de-lille\" target=\"_blank\" rel=\"noopener\">CHU<\/a>, la semaine a \u00e9t\u00e9 riche en actualit\u00e9 \u00e0 <a href=\"https:\/\/actu.fr\/hauts-de-france\/lille_59350\" target=\"_blank\" rel=\"noopener\">Lille<\/a> (Nord) et dans ses alentours. On fait <b>le point sur ce qu\u2019il ne fallait surtout pas louper<\/b>.<\/p>\n<p>Les infos de la semaine \u00e0 Lille<\/p>\n<ul class=\" wall-content\">\n<li><a href=\"https:\/\/actu.fr\/hauts-de-france\/marcq-en-baroeul_59378\/que-va-devenir-lancien-site-carambar-a-marcq-en-baroeul-des-travaux-bientot-lances_63044856.html\" target=\"_blank\" rel=\"noopener\">Que va devenir l\u2019ancien site Carambar \u00e0 Marcq-en-Bar\u0153ul ? Des travaux bient\u00f4t lanc\u00e9s !<\/a><\/li>\n<\/ul>\n<p class=\" wall-content\">L\u2019entreprise Carambar a quitt\u00e9 Marcq-en-Bar\u0153ul pour Bondues en 2021, laissant une friche de plusieurs hectares. Des travaux vont le transformer en lieu de vie en 2027.<\/p>\n<ul class=\" wall-content\">\n<li><a href=\"https:\/\/actu.fr\/hauts-de-france\/lille_59350\/lille-il-reconnait-et-maitrise-lui-meme-le-voleur-de-sa-voiture-en-pleine-rue_63047782.html\" target=\"_blank\" rel=\"noopener\">Lille. Il reconna\u00eet et ma\u00eetrise lui-m\u00eame son voleur en pleine rue<\/a><\/li>\n<\/ul>\n<p class=\" wall-content\">En plein c\u0153ur de Lille, un homme de 34 ans a \u00e9t\u00e9 arr\u00eat\u00e9 apr\u00e8s avoir commis plusieurs vols \u00e0 la roulotte. Il avait en sa possession de nombreuses affaires vol\u00e9es.<\/p>\n<ul class=\" wall-content\">\n<li><a href=\"https:\/\/actu.fr\/societe\/belgique-cet-animal-ne-a-pairi-daiza-est-un-miracule-elle-navait-que-5-de-chance-de-survivre_63046475.html\" target=\"_blank\" rel=\"noopener\">Belgique. Cet animal n\u00e9 \u00e0 Pairi Daiza est un miracul\u00e9 : \u00ab\u00a0Elle n\u2019avait que 5% de chance de survivre\u00a0\u00bb<\/a><\/li>\n<\/ul>\n<p class=\" wall-content\">C\u2019est une belle histoire que vient de r\u00e9v\u00e9ler le parc Pairi Daiza, en Belgique. N\u00e9 sur place, un animal a surv\u00e9cu \u00e0 une maladie foudroyante. Gis\u00e8le est aujourd\u2019hui gu\u00e9rie. D\u00e9tails.<\/p>\n<p>Votre r\u00e9gion, votre actu !<\/p>\n<p>Recevez chaque jour les infos qui comptent pour vous.<\/p>\n<p>\t<a href=\"https:\/\/actu.fr\/newsletter\" class=\"ac-btn ac-btn--corner ac-btn--medium ac-btn--blue800\" target=\"_blank\" rel=\"noopener\">S&rsquo;incrire<\/a><\/p>\n<ul class=\" wall-content\">\n<li><a href=\"https:\/\/actu.fr\/hauts-de-france\/lille_59350\/lille-avec-ses-7-500-m%c2%b2-le-plus-grand-square-de-wazemmes-bientot-renove_63046954.html\" target=\"_blank\" rel=\"noopener\">Lille. Avec ses 7 500 m\u00b2, le plus grand square de Wazemmes bient\u00f4t r\u00e9nov\u00e9<\/a><\/li>\n<\/ul>\n<p class=\" wall-content\">Le plus grand square de Wazemmes \u00e0 Lille (Nord) va \u00eatre m\u00e9tamorphos\u00e9 pour 2026 : nouveau mobilier, rue pi\u00e9tonne et fermeture nocturne, on vous explique tout.<\/p>\n<ul class=\" wall-content\">\n<li><a href=\"https:\/\/actu.fr\/hauts-de-france\/lille_59350\/ilevia-metro-de-lille-voici-les-interruptions-de-la-ligne-1-programmees-en-septembre-et-octobre_63049901.html\" target=\"_blank\" rel=\"noopener\">Il\u00e9via. M\u00e9tro de Lille : voici les interruptions de la ligne 1 programm\u00e9es en septembre et octobre<\/a><\/li>\n<\/ul>\n<p class=\" wall-content\">Les travaux se poursuivent sur la ligne 1 du m\u00e9tro de Lille (Nord) Il\u00e9via. De nouvelles interruptions sont programm\u00e9es durant les mois de septembre et octobre 2025. Le point.<\/p>\n<ul class=\" wall-content\">\n<li><a href=\"https:\/\/actu.fr\/hauts-de-france\/lille_59350\/braderie-de-lille-ces-chiffres-qui-montrent-que-ledition-2025-sera-un-grand-cru_63053824.html\" target=\"_blank\" rel=\"noopener\">Braderie de Lille : ces chiffres qui montrent que l\u2019\u00e9dition 2025 sera un grand cr\u00fb<\/a><\/li>\n<\/ul>\n<p class=\" wall-content\">La Braderie de Lille (Nord) se d\u00e9roulera samedi 6 et dimanche 7 septembre 2025. Et les premiers chiffres, notamment le nombre d\u2019inscrits, promettent une tr\u00e8s belle \u00e9dition.<\/p>\n<ul class=\" wall-content\">\n<li><a href=\"https:\/\/actu.fr\/hauts-de-france\/lille_59350\/le-chu-de-lille-a-fait-face-a-la-presence-de-cafards-la-cgt-denonce-un-veritable-enfer_63056433.html\" target=\"_blank\" rel=\"noopener\">Le CHU de Lille a fait face \u00e0 la pr\u00e9sence de cafards, la CGT d\u00e9nonce \u00ab\u00a0un v\u00e9ritable enfer\u00a0\u00bb<\/a><\/li>\n<\/ul>\n<p class=\" wall-content\">\u00ab\u00a0Une infestation de cafards au CHU de Lille\u00a0\u00bb. Alors que la CGT d\u00e9nonce le \u00ab\u00a0v\u00e9ritable enfer\u00a0\u00bb v\u00e9cu sur place, l\u2019\u00e9tablissement rappelle que la situation est revenue \u00e0 la normale.<\/p>\n<ul class=\" wall-content\">\n<li><a href=\"https:\/\/actu.fr\/hauts-de-france\/loos_59360\/pres-de-lille-cette-piscine-ferme-ses-portes-en-raison-de-malfacons-irreversibles_63055766.html\" target=\"_blank\" rel=\"noopener\">Pr\u00e8s de Lille, cette piscine ferme ses portes en raison de \u00ab\u00a0malfa\u00e7ons irr\u00e9versibles\u00a0\u00bb<\/a><\/li>\n<\/ul>\n<p class=\" wall-content\">D\u00e9cision forte des municipalit\u00e9s de Loos et Haubourdin, pr\u00e8s de Lille (Nord) : la piscine Neptunia va fermer ses portes en raison de \u00ab\u00a0malfa\u00e7ons irr\u00e9versibles\u00a0\u00bb. D\u00e9tails.<\/p>\n<ul class=\" wall-content\">\n<li><a href=\"https:\/\/actu.fr\/hauts-de-france\/fretin_59256\/emploi-le-supermarche-picnic-recherche-140-personnes-dans-les-hauts-de-france-voici-comment-postuler_63059668.html\" target=\"_blank\" rel=\"noopener\">Emploi. Le supermarch\u00e9 Picnic recherche 140 personnes dans les Hauts-de-France : voici comment postuler<\/a><\/li>\n<\/ul>\n<p class=\" wall-content\">Alerte emploi ! Le supermarch\u00e9 en ligne Picnic lance une grande campagne de recrutement avec notamment 140 personnes recherch\u00e9es dans les Hauts-de-France. D\u00e9tails.<\/p>\n<ul class=\" wall-content\">\n<li><a href=\"https:\/\/actu.fr\/hauts-de-france\/roubaix_59512\/quai-16-a-roubaix-quand-une-ancienne-maison-eclusiere-devient-un-restaurant-au-fil-de-leau_63064362.html\" target=\"_blank\" rel=\"noopener\">Quai 16 \u00e0 Roubaix : quand une ancienne maison \u00e9clusi\u00e8re devient un restaurant au fil de l\u2019eau<\/a><\/li>\n<\/ul>\n<p class=\" wall-content\">Un nouveau restaurant a ouvert au d\u00e9but de l\u2019\u00e9t\u00e9 \u00e0 Roubaix, et il a de quoi surprendre et s\u00e9duire\u2009: il a pris place le long du canal dans une ancienne maison \u00e9clusi\u00e8re\u2009!<\/p>\n<ul class=\" wall-content\">\n<li><a href=\"https:\/\/actu.fr\/hauts-de-france\/roubaix_59512\/felix-et-desire-la-nouvelle-marque-de-luxe-trop-stylee-creee-a-roubaix_63064390.html\" target=\"_blank\" rel=\"noopener\">F\u00e9lix et D\u00e9sir\u00e9, la nouvelle marque de luxe trop styl\u00e9e cr\u00e9\u00e9e \u00e0 Roubaix<\/a><\/li>\n<\/ul>\n<p class=\" wall-content\">Derri\u00e8re la nouvelle marque d\u2019accessoires F\u00e9lix et D\u00e9sir\u00e9, vous retrouverez la roubaisienne V\u00e9ronique Pacholski, alias Princesse Wanda.<\/p>\n<ul class=\" wall-content\">\n<li><a href=\"https:\/\/actu.fr\/hauts-de-france\/seclin_59560\/seclin-cest-quoi-cette-redoutable-maladie-qui-a-tue-de-nombreux-canards_63068171.html\" target=\"_blank\" rel=\"noopener\">Seclin. C\u2019est quoi cette redoutable maladie qui a tu\u00e9 de nombreux canards ?<\/a><\/li>\n<\/ul>\n<p class=\" wall-content\">Des canards retrouv\u00e9s morts \u00e0 Seclin, la mairie confirme un \u00e9pisode de botulisme aviaire, une maladie naturelle mais redoutable pour les oiseaux, ce vendredi 22\u00a0ao\u00fbt 2025.<\/p>\n<p class=\" wall-content\">Personnalisez votre actualit\u00e9 en ajoutant vos villes et m\u00e9dias en favori avec <a href=\"https:\/\/moncompte.actu.fr\" title=\"D\u00e9couvez Mon Actu\" rel=\"nofollow noopener\" data-trk=\"{&quot;cta&quot;:{&quot;action&quot;:&quot;https:\\\/\\\/moncompte.actu.fr&quot;,&quot;category&quot;:&quot;mon compte&quot;,&quot;from&quot;:&quot;article footer&quot;,&quot;name&quot;:&quot;Mon actu&quot;,&quot;type&quot;:&quot;cta&quot;}}\" target=\"_blank\">Mon Actu<\/a>.<\/p>\n","protected":false},"excerpt":{"rendered":"Par Nicolas Demollien Publi\u00e9 le 24 ao\u00fbt 2025 \u00e0 17h42 Des nouvelles coupures du m\u00e9tro Il\u00e9via en passant&hellip;\n","protected":false},"author":2,"featured_media":340949,"comment_status":"","ping_status":"","sticky":false,"template":"","format":"standard","meta":{"footnotes":""},"categories":[2815],"tags":[1111,11,25689,1777,674,1011,27,811,4288,1307,12,25,104],"class_list":{"0":"post-340948","1":"post","2":"type-post","3":"status-publish","4":"format-standard","5":"has-post-thumbnail","7":"category-lille","8":"tag-actu","9":"tag-actualites","10":"tag-chu-de-lille","11":"tag-eu","12":"tag-europe","13":"tag-fr","14":"tag-france","15":"tag-hauts-de-france","16":"tag-ilevia","17":"tag-lille","18":"tag-news","19":"tag-republique-francaise","20":"tag-societe"},"share_on_mastodon":{"url":"https:\/\/pubeurope.com\/@fr\/115084677939348148","error":""},"_links":{"self":[{"href":"https:\/\/www.europesays.com\/fr\/wp-json\/wp\/v2\/posts\/340948","targetHints":{"allow":["GET"]}}],"collection":[{"href":"https:\/\/www.europesays.com\/fr\/wp-json\/wp\/v2\/posts"}],"about":[{"href":"https:\/\/www.europesays.com\/fr\/wp-json\/wp\/v2\/types\/post"}],"author":[{"embeddable":true,"href":"https:\/\/www.europesays.com\/fr\/wp-json\/wp\/v2\/users\/2"}],"replies":[{"embeddable":true,"href":"https:\/\/www.europesays.com\/fr\/wp-json\/wp\/v2\/comments?post=340948"}],"version-history":[{"count":0,"href":"https:\/\/www.europesays.com\/fr\/wp-json\/wp\/v2\/posts\/340948\/revisions"}],"wp:featuredmedia":[{"embeddable":true,"href":"https:\/\/www.europesays.com\/fr\/wp-json\/wp\/v2\/media\/340949"}],"wp:attachment":[{"href":"https:\/\/www.europesays.com\/fr\/wp-json\/wp\/v2\/media?parent=340948"}],"wp:term":[{"taxonomy":"category","embeddable":true,"href":"https:\/\/www.europesays.com\/fr\/wp-json\/wp\/v2\/categories?post=340948"},{"taxonomy":"post_tag","embeddable":true,"href":"https:\/\/www.europesays.com\/fr\/wp-json\/wp\/v2\/tags?post=340948"}],"curies":[{"name":"wp","href":"https:\/\/api.w.org\/{rel}","templated":true}]}}