{"id":340954,"date":"2025-08-24T16:28:12","date_gmt":"2025-08-24T16:28:12","guid":{"rendered":"https:\/\/www.europesays.com\/fr\/340954\/"},"modified":"2025-08-24T16:28:12","modified_gmt":"2025-08-24T16:28:12","slug":"le-dispositif-safer-plage-a-marseille-pour-aller-a-la-plage-sans-penser-quon-va-etre-embetees","status":"publish","type":"post","link":"https:\/\/www.europesays.com\/fr\/340954\/","title":{"rendered":"Le dispositif \u00ab\u00a0Safer Plage\u00a0\u00bb \u00e0 Marseille pour \u00ab\u00a0aller \u00e0 la plage sans penser qu&rsquo;on va \u00eatre emb\u00eat\u00e9es\u00a0\u00bb"},"content":{"rendered":"<p>Instaur\u00e9 en 2022, le dispositif \u00ab\u00a0Safer Plage\u00a0\u00bb \u00e0 Marseille fait fureur. En plus de l&rsquo;application pour signaler tout comportement suspect, des m\u00e9diateurs font le tour des 10 plages surveill\u00e9es tout l&rsquo;\u00e9t\u00e9 pour sensibiliser aux violences sexistes et sexuelles et intervenir en cas de besoin.<\/p>\n<p>Des patrouilles sur les plages pour lutter contre le harc\u00e8lement et les violences sexuelles. Si vous \u00eates ou \u00e9tiez dans la r\u00e9gion de <a href=\"https:\/\/rmc.bfmtv.com\/actualites\/societe\/incendie-a-marseille-un-mois-et-demi-apres-des-sinistres-obliges-d-investir-dans-des-mobil-homes_AV-202508220322.html\" title=\"Incendie \u00e0 Marseille: un mois et demi apr\u00e8s, des sinistr\u00e9s oblig\u00e9s d&#039;investir dans des mobil-homes\" class=\"internal_link\" rel=\"nofollow noopener\" target=\"_blank\">Marseille<\/a> cet \u00e9t\u00e9, peut-\u00eatre avez-vous d\u00e9j\u00e0 crois\u00e9 ces m\u00e9diateurs qui sillonnent les 10 plages surveill\u00e9es du littoral.<\/p>\n<p>Ils sont pr\u00e9sents depuis 2022 pour sensibiliser les plagistes aux <a href=\"https:\/\/rmc.bfmtv.com\/actualites\/police-justice\/violences-sexuelles-et-sexistes_DN-202212220404.html\" title=\"Violences sexuelles\" class=\"internal_link\" rel=\"nofollow noopener\" target=\"_blank\">violences sexistes et sexuelles<\/a> et intervenir en cas de probl\u00e8me. Un dispositif intitul\u00e9 \u00ab\u00a0<a href=\"https:\/\/rmc.bfmtv.com\/actualites\/societe\/ils-se-mettent-dans-un-coin-et-te-fixent-marseille-lutte-contre-le-harcelement-sexuel-a-la-plage_AV-202308010258.html\" title=\"&quot;Ils se mettent dans un coin et te fixent&quot;: Marseille lutte contre le harc\u00e8lement sexuel \u00e0 la plage\" class=\"internal_link\" rel=\"nofollow noopener\" target=\"_blank\">Safer Plage<\/a>\u00a0\u00bb qui rassure les baigneurs et baigneuses.<\/p>\n<p>40 signalements en juin<\/p>\n<p>Au milieu des all\u00e9es de serviettes, ces m\u00e9diateurs et m\u00e9diatrices viennent sensibiliser les baigneurs aux violences sexistes et sexuelles: \u00ab\u00a0Nous on est des agents municipaux et on fait des maraudes sur les plages\u00a0\u00bb. En juin dernier, 40 signalements ont \u00e9t\u00e9 recens\u00e9s sur cette plage.<\/p>\n<blockquote class=\"embed embed_quote\"><p>\u00ab\u00a0C&rsquo;est d\u00e9j\u00e0 arriv\u00e9 qu&rsquo;on voit par exemple un homme qui colle des groupes de filles etc. Donc l\u00e0 pareil c&rsquo;est surveiller pour pouvoir intervenir\u00a0\u00bb, explique l&rsquo;une des m\u00e9diatrices.<\/p><\/blockquote>\n<p>Intervenir et pr\u00e9venir la police quand les faits sont d\u00e9lictuels. Un dispositif qui rassure cette touriste: \u00ab\u00a0C&rsquo;est impeccable, je trouve qu&rsquo;on est en s\u00e9curit\u00e9, surtout pour les enfants, les mineurs\u00a0\u00bb.<\/p>\n<p><img decoding=\"async\" src=\"https:\/\/www.europesays.com\/fr\/wp-content\/uploads\/2025\/05\/principale-398_2.jpg\"  alt=\"Des patrouilles sur les plages pour lutter contre le harc\u00e8lement\" title=\"Des patrouilles sur les plages pour lutter contre le harc\u00e8lement\"\/>Des patrouilles sur les plages pour lutter contre le harc\u00e8lement\u00a0\u00bbIl y avait un monsieur\u00a0\u00bb<\/p>\n<p>\u00c0 c\u00f4t\u00e9 d&rsquo;elle, sa fille Kenza n&rsquo;a m\u00eame pas 10 ans et pourtant elle a d\u00e9j\u00e0 v\u00e9cu du harc\u00e8lement: \u00ab\u00a0La derni\u00e8re fois quand je suis venue, il y avait un monsieur mais apr\u00e8s je suis partie, j&rsquo;ai chang\u00e9 de plage\u00a0\u00bb<\/p>\n<blockquote class=\"embed embed_quote\"><p>\u00ab\u00a0Pas un petit jeune, il avait la trentaine \u00e0 peu pr\u00e8s. Il n&rsquo;arr\u00eatait pas d&rsquo;harceler ma fille Kenza\u00a0\u00bb, ajoute la m\u00e8re.<\/p><\/blockquote>\n<p>C&rsquo;est donc pour limiter ces situations que la ville a mont\u00e9 le dispositif il y a 3 ans maintenant. Nathalie Tessier est d\u00e9l\u00e9gu\u00e9e \u00e0 la lutte contre les <a href=\"https:\/\/rmc.bfmtv.com\/actualites\/societe\/transports\/info-rmc-7-femmes-sur-10-ont-deja-ete-victimes-de-violence-sexiste-et-sexuelle-dans-les-transports-franciliens_AN-202503100038.html\" title=\"INFO RMC. 7 femmes sur 10 ont d\u00e9j\u00e0 \u00e9t\u00e9 victimes de violence sexiste et sexuelle dans les transports franciliens\" class=\"internal_link\" rel=\"nofollow noopener\" target=\"_blank\">violences faites aux femmes<\/a>: \u00ab\u00a0C&rsquo;est la reprise pour les filles et les femmes du droit d&rsquo;aller \u00e0 la plage sans penser qu&rsquo;on va \u00eatre emb\u00eat\u00e9es\u00a0\u00bb. Et l&rsquo;\u00e9lue rappelle que plus d&rsquo;une femme sur trois entre 18 et 34 ans a d\u00e9j\u00e0 \u00e9t\u00e9 harcel\u00e9e sur une <a href=\"https:\/\/rmc.bfmtv.com\/conso\/loisirs\/bronzer-topless-utiliser-un-drone-ramasser-du-sable-qu-avons-nous-le-droit-de-faire-a-la-plage_AN-202508190260.html\" title=\"Bronzer topless, utiliser un drone, ramasser du sable... Qu&#039;avons-nous le droit de faire \u00e0 la plage?\" class=\"internal_link\" rel=\"nofollow noopener\" target=\"_blank\">plage<\/a> en France.<\/p>\n<p>En plus des m\u00e9diateurs pr\u00e9sents sur les plages, le dispositif \u00ab\u00a0<a href=\"https:\/\/rmc.bfmtv.com\/actualites\/societe\/safer-plage-une-application-anti-harcelement-a-la-plage-experimentee-a-marseille_AV-202208100238.html\" title=\"&quot;Safer plage&quot;: une application anti-harc\u00e8lement \u00e0 la plage exp\u00e9riment\u00e9e \u00e0 Marseille\" class=\"internal_link\" rel=\"nofollow noopener\" target=\"_blank\">Safer Plage<\/a>\u00a0\u00bb est \u00e9galement une application smartphone gratuite pour venir en aide aux victimes en temps r\u00e9el. En cas de probl\u00e8me, il suffit de cliquer sur le bouton \u201cdemander de l\u2019aide\u201d. Une alerte est envoy\u00e9e au poste de secours qui pr\u00e9vient la police municipale.<\/p>\n<p>Exp\u00e9riment\u00e9 pour la premi\u00e8re fois en ao\u00fbt 2022 sur la plage Prado Sud, le dispositif a ensuite \u00e9t\u00e9 \u00e9tendu \u00e0 4 plages marseillaises \u00e0 l&rsquo;\u00e9t\u00e9 2023 puis \u00e0 5 nouvelles plages \u00e0 l&rsquo;\u00e9t\u00e9 2024.<\/p>\n<p>Solenn Guillanton avec Anna Jaujard<\/p>\n","protected":false},"excerpt":{"rendered":"Instaur\u00e9 en 2022, le dispositif \u00ab\u00a0Safer Plage\u00a0\u00bb \u00e0 Marseille fait fureur. En plus de l&rsquo;application pour signaler tout&hellip;\n","protected":false},"author":2,"featured_media":340955,"comment_status":"","ping_status":"","sticky":false,"template":"","format":"standard","meta":{"footnotes":""},"categories":[2814],"tags":[1111,11,1777,674,1011,27,884,12,882,25],"class_list":{"0":"post-340954","1":"post","2":"type-post","3":"status-publish","4":"format-standard","5":"has-post-thumbnail","7":"category-marseille","8":"tag-actu","9":"tag-actualites","10":"tag-eu","11":"tag-europe","12":"tag-fr","13":"tag-france","14":"tag-marseille","15":"tag-news","16":"tag-provence-alpes-cote-dazur","17":"tag-republique-francaise"},"share_on_mastodon":{"url":"https:\/\/pubeurope.com\/@fr\/115084689677746109","error":""},"_links":{"self":[{"href":"https:\/\/www.europesays.com\/fr\/wp-json\/wp\/v2\/posts\/340954","targetHints":{"allow":["GET"]}}],"collection":[{"href":"https:\/\/www.europesays.com\/fr\/wp-json\/wp\/v2\/posts"}],"about":[{"href":"https:\/\/www.europesays.com\/fr\/wp-json\/wp\/v2\/types\/post"}],"author":[{"embeddable":true,"href":"https:\/\/www.europesays.com\/fr\/wp-json\/wp\/v2\/users\/2"}],"replies":[{"embeddable":true,"href":"https:\/\/www.europesays.com\/fr\/wp-json\/wp\/v2\/comments?post=340954"}],"version-history":[{"count":0,"href":"https:\/\/www.europesays.com\/fr\/wp-json\/wp\/v2\/posts\/340954\/revisions"}],"wp:featuredmedia":[{"embeddable":true,"href":"https:\/\/www.europesays.com\/fr\/wp-json\/wp\/v2\/media\/340955"}],"wp:attachment":[{"href":"https:\/\/www.europesays.com\/fr\/wp-json\/wp\/v2\/media?parent=340954"}],"wp:term":[{"taxonomy":"category","embeddable":true,"href":"https:\/\/www.europesays.com\/fr\/wp-json\/wp\/v2\/categories?post=340954"},{"taxonomy":"post_tag","embeddable":true,"href":"https:\/\/www.europesays.com\/fr\/wp-json\/wp\/v2\/tags?post=340954"}],"curies":[{"name":"wp","href":"https:\/\/api.w.org\/{rel}","templated":true}]}}