{"id":340956,"date":"2025-08-24T16:29:10","date_gmt":"2025-08-24T16:29:10","guid":{"rendered":"https:\/\/www.europesays.com\/fr\/340956\/"},"modified":"2025-08-24T16:29:10","modified_gmt":"2025-08-24T16:29:10","slug":"jai-vu-des-retraites-descendre-de-leur-appartement-a-la-croix-rousse","status":"publish","type":"post","link":"https:\/\/www.europesays.com\/fr\/340956\/","title":{"rendered":"\u00ab\u00a0J\u2019ai vu des retrait\u00e9s descendre de leur appartement \u00e0 la Croix-Rousse\u00a0\u00bb"},"content":{"rendered":"<p>Beshir est un globe-trotter de l\u2019eau. Dans l\u2019humanitaire depuis 20 ans, il parcourt les continents pour apporter un acc\u00e8s \u00e0 l\u2019eau \u00e0 ceux qui en ont besoin. Du Cambodge \u00e0 l\u2019Afrique, du forage de puits \u00e0 la cr\u00e9ation de toilettes, il a pu mesurer le pouvoir de l\u2019or bleu.<\/p>\n<p>\u00ab\u00a0J\u2019ai vu des filles revenir \u00e0 l\u2019\u00e9cole gr\u00e2ce \u00e0 cela, des femmes nous remercier car elles ne craignaient plus de se faire violer sur le parcours de plusieurs kilom\u00e8tres qui les s\u00e9paraient de leur point d\u2019eau\u00a0\u00bb, raconte-t-il parmi moult anecdotes construites au gr\u00e9 de ses p\u00e9r\u00e9grinations.<\/p>\n<p>Un acc\u00e8s \u00e0 l\u2019hygi\u00e8ne et \u00e0 la dignit\u00e9<\/p>\n<p>Une conscience qui l\u2019a pouss\u00e9 \u00e0 s\u2019engager au sein de la M\u00e9tropole de Lyon en 2018. Via son association <a href=\"https:\/\/www.leprogres.fr\/rhone-69-edition-lyon-metropole\/2018\/09\/16\/vroom-shower-un-brin-de-toilette-pour-les-sans-abri\" target=\"_blank\" rel=\"noopener\">Vroom shower<\/a>, soutenue par Eau du Grand Lyon, il vient apporter du soin aux plus pr\u00e9caires. Le concept\u00a0: quatre camping-cars&#8230;<\/p>\n","protected":false},"excerpt":{"rendered":"Beshir est un globe-trotter de l\u2019eau. Dans l\u2019humanitaire depuis 20 ans, il parcourt les continents pour apporter un&hellip;\n","protected":false},"author":2,"featured_media":340957,"comment_status":"","ping_status":"","sticky":false,"template":"","format":"standard","meta":{"footnotes":""},"categories":[1889],"tags":[1111,11,2430,6698,2757,436,1777,674,1011,27,2428,2756,12,5140,25,2429,104],"class_list":{"0":"post-340956","1":"post","2":"type-post","3":"status-publish","4":"format-standard","5":"has-post-thumbnail","7":"category-lyon","8":"tag-actu","9":"tag-actualites","10":"tag-auvergne-rhone-alpes","11":"tag-canicule","12":"tag-edition-lyon-villeurbanne","13":"tag-environnement","14":"tag-eu","15":"tag-europe","16":"tag-fr","17":"tag-france","18":"tag-lyon","19":"tag-lyon-bassin","20":"tag-news","21":"tag-rechauffement-climatique","22":"tag-republique-francaise","23":"tag-rhone","24":"tag-societe"},"share_on_mastodon":{"url":"https:\/\/pubeurope.com\/@fr\/115084693584238466","error":""},"_links":{"self":[{"href":"https:\/\/www.europesays.com\/fr\/wp-json\/wp\/v2\/posts\/340956","targetHints":{"allow":["GET"]}}],"collection":[{"href":"https:\/\/www.europesays.com\/fr\/wp-json\/wp\/v2\/posts"}],"about":[{"href":"https:\/\/www.europesays.com\/fr\/wp-json\/wp\/v2\/types\/post"}],"author":[{"embeddable":true,"href":"https:\/\/www.europesays.com\/fr\/wp-json\/wp\/v2\/users\/2"}],"replies":[{"embeddable":true,"href":"https:\/\/www.europesays.com\/fr\/wp-json\/wp\/v2\/comments?post=340956"}],"version-history":[{"count":0,"href":"https:\/\/www.europesays.com\/fr\/wp-json\/wp\/v2\/posts\/340956\/revisions"}],"wp:featuredmedia":[{"embeddable":true,"href":"https:\/\/www.europesays.com\/fr\/wp-json\/wp\/v2\/media\/340957"}],"wp:attachment":[{"href":"https:\/\/www.europesays.com\/fr\/wp-json\/wp\/v2\/media?parent=340956"}],"wp:term":[{"taxonomy":"category","embeddable":true,"href":"https:\/\/www.europesays.com\/fr\/wp-json\/wp\/v2\/categories?post=340956"},{"taxonomy":"post_tag","embeddable":true,"href":"https:\/\/www.europesays.com\/fr\/wp-json\/wp\/v2\/tags?post=340956"}],"curies":[{"name":"wp","href":"https:\/\/api.w.org\/{rel}","templated":true}]}}