{"id":340958,"date":"2025-08-24T16:30:14","date_gmt":"2025-08-24T16:30:14","guid":{"rendered":"https:\/\/www.europesays.com\/fr\/340958\/"},"modified":"2025-08-24T16:30:14","modified_gmt":"2025-08-24T16:30:14","slug":"rhone-les-perturbations-a-prevoir-sur-les-routes-la-semaine-prochaine","status":"publish","type":"post","link":"https:\/\/www.europesays.com\/fr\/340958\/","title":{"rendered":"Rh\u00f4ne : les perturbations \u00e0 pr\u00e9voir sur les routes la semaine prochaine\u00a0"},"content":{"rendered":"<p>                            <img loading=\"lazy\" width=\"1200\" height=\"750\" class=\"attachment-article size-article wp-post-image lazyload\" alt=\"\" decoding=\"async\" src=\"https:\/\/www.europesays.com\/fr\/wp-content\/uploads\/2025\/04\/AFP__20200123__HL_IBIGOUGILLES_981675__v1__HighRes__FranceInondationsAude2020-e1742563211249.jpg\" data-eio-rwidth=\"1200\" data-eio-rheight=\"750\"\/><\/p>\n<p>Photo by Idriss Bigou-Gilles \/ Hans Lucas \/ Hans Lucas via AFP)<\/p>\n<p class=\"content\" style=\"font-size:1.2em;font-weight:700\">Plusieurs perturbations sont \u00e0 pr\u00e9voir sur les routes du d\u00e9partement la semaine prochaine. On fait le point.\u00a0<\/p>\n<p>Quelques travaux vont perturber les routes du d\u00e9partement du Rh\u00f4ne la semaine prochaine. Du c\u00f4t\u00e9 de la m\u00e9tropole lyonnaise, la circulation sera interdite sur l\u2019A6 d\u00e8s demain et jusqu\u2019au 27 ao\u00fbt en direction de Paris, entre Limonest (diffuseur n\u00b033.1) et le n\u0153ud des Ch\u00e8res, pour des travaux d&rsquo;entretien. Sur l\u2019A450, la circulation sera interdite en direction de Brignais,\u00a0sur la bretelle de sortie de Pierre-B\u00e9nite (diffuseur n\u00b05), pour des travaux d&rsquo;entretien demain entre 21 heures et 5 heures le lendemain. Puis du 25 au 28 ao\u00fbt inclus sur la bretelle d&rsquo;acc\u00e8s \u00e0 l&rsquo;A7 en direction de Marseille, \u00e9galement pour des travaux d&rsquo;entretien.<\/p>\n<p>Sur l\u2019A42, la circulation sera \u00e9galement perturb\u00e9e. Elle le sera le 28 ao\u00fbt de 21 heures \u00e0 5 heures tandis que la circulation sera interdite en direction de Gen\u00e8ve, entre le n\u0153ud de Croix-Luizet et le n\u0153ud des \u00celes, puis de 21 heures \u00e0 6 heures sur la bretelle d&rsquo;acc\u00e8s \u00e0 l&rsquo;A432 en direction de Paris. Du c\u00f4t\u00e9 de l\u2019A7, la circulation sera interdite du 25 au 28 sur la bretelle d&rsquo;acc\u00e8s \u00e0 la D383 en direction de Paris. Le 29 ao\u00fbt, la circulation sera r\u00e9duite sur la bretelle reliant l\u2019A7 au boulevard p\u00e9riph\u00e9rique D383 en direction de Marseille.<\/p>\n<p>Des perturbations dans le reste du territoire<\/p>\n<p>Ce sera \u00e9galement le cas entre le 25 et le 29 ao\u00fbt sur la RD 337, du c\u00f4t\u00e9 de Cerci\u00e9. Des travaux d\u2019\u00e9lagage seront r\u00e9alis\u00e9s, la circulation sera donc altern\u00e9e par un feu. Des travaux cons\u00e9quents d\u00e9buteront \u00e9galement demain et jusqu\u2019au 19 septembre sur la RD16 E2 \u00e0 Chazay d\u2019Azergues afin de remplacer une conduite d\u2019eau potable. La route sera barr\u00e9e et une d\u00e9viation sera ainsi mise en place.<\/p>\n","protected":false},"excerpt":{"rendered":"Photo by Idriss Bigou-Gilles \/ Hans Lucas \/ Hans Lucas via AFP) Plusieurs perturbations sont \u00e0 pr\u00e9voir sur&hellip;\n","protected":false},"author":2,"featured_media":8146,"comment_status":"","ping_status":"","sticky":false,"template":"","format":"standard","meta":{"footnotes":""},"categories":[1889],"tags":[1111,11,2430,1777,674,1011,27,2428,12,25],"class_list":{"0":"post-340958","1":"post","2":"type-post","3":"status-publish","4":"format-standard","5":"has-post-thumbnail","7":"category-lyon","8":"tag-actu","9":"tag-actualites","10":"tag-auvergne-rhone-alpes","11":"tag-eu","12":"tag-europe","13":"tag-fr","14":"tag-france","15":"tag-lyon","16":"tag-news","17":"tag-republique-francaise"},"share_on_mastodon":{"url":"https:\/\/pubeurope.com\/@fr\/115084697540738245","error":""},"_links":{"self":[{"href":"https:\/\/www.europesays.com\/fr\/wp-json\/wp\/v2\/posts\/340958","targetHints":{"allow":["GET"]}}],"collection":[{"href":"https:\/\/www.europesays.com\/fr\/wp-json\/wp\/v2\/posts"}],"about":[{"href":"https:\/\/www.europesays.com\/fr\/wp-json\/wp\/v2\/types\/post"}],"author":[{"embeddable":true,"href":"https:\/\/www.europesays.com\/fr\/wp-json\/wp\/v2\/users\/2"}],"replies":[{"embeddable":true,"href":"https:\/\/www.europesays.com\/fr\/wp-json\/wp\/v2\/comments?post=340958"}],"version-history":[{"count":0,"href":"https:\/\/www.europesays.com\/fr\/wp-json\/wp\/v2\/posts\/340958\/revisions"}],"wp:featuredmedia":[{"embeddable":true,"href":"https:\/\/www.europesays.com\/fr\/wp-json\/wp\/v2\/media\/8146"}],"wp:attachment":[{"href":"https:\/\/www.europesays.com\/fr\/wp-json\/wp\/v2\/media?parent=340958"}],"wp:term":[{"taxonomy":"category","embeddable":true,"href":"https:\/\/www.europesays.com\/fr\/wp-json\/wp\/v2\/categories?post=340958"},{"taxonomy":"post_tag","embeddable":true,"href":"https:\/\/www.europesays.com\/fr\/wp-json\/wp\/v2\/tags?post=340958"}],"curies":[{"name":"wp","href":"https:\/\/api.w.org\/{rel}","templated":true}]}}