{"id":340961,"date":"2025-08-24T16:32:09","date_gmt":"2025-08-24T16:32:09","guid":{"rendered":"https:\/\/www.europesays.com\/fr\/340961\/"},"modified":"2025-08-24T16:32:09","modified_gmt":"2025-08-24T16:32:09","slug":"meurtres-en-serie-noyade-de-cousins-coups-de-couteau-les-infos-du-week-end-a-paris-et-en-ile-de-france","status":"publish","type":"post","link":"https:\/\/www.europesays.com\/fr\/340961\/","title":{"rendered":"Meurtres en s\u00e9rie, noyade de cousins, coups de couteau&#8230;Les infos du week-end \u00e0 Paris et en \u00cele-de-France"},"content":{"rendered":"<p>            Par<br \/>\n        <strong><br \/>\n            <a href=\"https:\/\/actu.fr\/auteur\/thomas-martin\" title=\"Consulter tous les articles de Thomas Martin\" target=\"_blank\" rel=\"noopener\">Thomas Martin<\/a><br \/>\n        <\/strong><\/p>\n<p>        Publi\u00e9 le<\/p>\n<p>            24 ao\u00fbt 2025 \u00e0 18h06        <\/p>\n<p>            <a href=\"#logora-synthese\" class=\"ac-btn ac-btn--round ac-btn--border-gray ac-btn--commentaire\" data-trk=\"{&quot;cta&quot;:{&quot;action&quot;:&quot;&quot;,&quot;category&quot;:&quot;mon compte&quot;,&quot;from&quot;:&quot;article actions&quot;,&quot;name&quot;:&quot;Commentaires&quot;,&quot;type&quot;:&quot;cta&quot;}}\" title=\"Commenter l'article\"><br \/>\n            Commentaires<br \/>\n        <\/a><\/p>\n<p>        Partager<\/p>\n<ul id=\"share\" class=\"ac-article-actions__share \">\n<li>\n            <a target=\"_blank\" href=\"http:\/\/www.facebook.com\/sharer.php?u=https:\/\/actu.fr\/societe\/meurtres-en-serie-noyade-de-cousins-coups-de-couteau-les-infos-du-week-end-a-paris-et-en-ile-de-france_63071689.html\" class=\"ac-btn-social ac-btn-social--blue ac-btn-social--facebook\" title=\"Partagez sur Facebook - Nouvelle fen\u00eatre\" data-trk=\"{&quot;social&quot;:{&quot;network&quot;:&quot;facebook&quot;},&quot;article&quot;:{&quot;id_contenu&quot;:63071689,&quot;titre_contenu&quot;:&quot;Meurtres en s\\u00e9rie, noyade de cousins, coups de couteau...Les infos du week-end \\u00e0 Paris et en \\u00cele-de-France&quot;,&quot;marque&quot;:&quot;Actu Paris&quot;,&quot;code_region&quot;:&quot;11&quot;,&quot;type&quot;:&quot;article&quot;,&quot;arborescence&quot;:&quot;Soci\\u00e9t\\u00e9&quot;,&quot;tags_article_s&quot;:&quot;Meurtre|Police&quot;,&quot;signature_auteur&quot;:&quot;Thomas Martin&quot;,&quot;statut_monetisation&quot;:&quot;gratuit&quot;}}\" rel=\"noopener\">Partagez sur Facebook<\/a>\n        <\/li>\n<li>\n            <a target=\"_blank\" href=\"https:\/\/twitter.com\/intent\/tweet?url=https:\/\/actu.fr\/societe\/meurtres-en-serie-noyade-de-cousins-coups-de-couteau-les-infos-du-week-end-a-paris-et-en-ile-de-france_63071689.html&amp;text=Meurtres en s\u00e9rie, noyade de cousins, coups de couteau...Les infos du week-end \u00e0 Paris et en \u00cele-de-France&amp;via=actufr\" class=\"ac-btn-social ac-btn-social--blue ac-btn-social--x\" title=\"Partagez sur Twitter - Nouvelle fen\u00eatre\" data-trk=\"{&quot;social&quot;:{&quot;network&quot;:&quot;twitter&quot;},&quot;article&quot;:{&quot;id_contenu&quot;:63071689,&quot;titre_contenu&quot;:&quot;Meurtres en s\\u00e9rie, noyade de cousins, coups de couteau...Les infos du week-end \\u00e0 Paris et en \\u00cele-de-France&quot;,&quot;marque&quot;:&quot;Actu Paris&quot;,&quot;code_region&quot;:&quot;11&quot;,&quot;type&quot;:&quot;article&quot;,&quot;arborescence&quot;:&quot;Soci\\u00e9t\\u00e9&quot;,&quot;tags_article_s&quot;:&quot;Meurtre|Police&quot;,&quot;signature_auteur&quot;:&quot;Thomas Martin&quot;,&quot;statut_monetisation&quot;:&quot;gratuit&quot;}}\" rel=\"noopener\">Partagez sur Twitter<\/a>\n        <\/li>\n<li>\n            <a target=\"_blank\" href=\"http:\/\/actu.fr\/cdn-cgi\/l\/email-protection#befe81cdcbdcd4dbddca83f3dbcbcccaccdbcd9edbd09ecd7d17ccd7db929ed0d1c7dfdadb9edadb9eddd1cbcdd7d0cd929eddd1cbcecd9edadb9eddd1cbcadbdfcb909090f2dbcd9ed7d0d8d1cd9edacb9ec9dbdbd593dbd0da9e7d1e9eeedfccd7cd9edbca9edbd09e7d30d2db93dadb93f8ccdfd0dddb98dcd1dac783f3dbcbcccaccdbcd9edbd09ecd7d17ccd7db929ed0d1c7dfdadb9edadb9eddd1cbcdd7d0cd929eddd1cbcecd9edadb9eddd1cbcadbdfcb909090f2dbcd9ed7d0d8d1cd9edacb9ec9dbdbd593dbd0da9e7d1e9eeedfccd7cd9edbca9edbd09e7d30d2db93dadb93f8ccdfd0dddb9b8c8e849b8c8ed6cacacecd849191dfddcacb90d8cc91cdd1ddd7dbcadb91d3dbcbcccaccdbcd93dbd093cddbccd7db93d0d1c7dfdadb93dadb93ddd1cbcdd7d0cd93ddd1cbcecd93dadb93ddd1cbcadbdfcb93d2dbcd93d7d0d8d1cd93dacb93c9dbdbd593dbd0da93df93cedfccd7cd93dbca93dbd093d7d2db93dadb93d8ccdfd0dddbe1888d8e898f88868790d6cad3d2\" class=\"ac-btn-social ac-btn-social--blue ac-btn-social--mail\" title=\"Partagez par mail - Nouvelle fen\u00eatre\" data-trk=\"{&quot;social&quot;:{&quot;network&quot;:&quot;email&quot;},&quot;article&quot;:{&quot;id_contenu&quot;:63071689,&quot;titre_contenu&quot;:&quot;Meurtres en s\\u00e9rie, noyade de cousins, coups de couteau...Les infos du week-end \\u00e0 Paris et en \\u00cele-de-France&quot;,&quot;marque&quot;:&quot;Actu Paris&quot;,&quot;code_region&quot;:&quot;11&quot;,&quot;type&quot;:&quot;article&quot;,&quot;arborescence&quot;:&quot;Soci\\u00e9t\\u00e9&quot;,&quot;tags_article_s&quot;:&quot;Meurtre|Police&quot;,&quot;signature_auteur&quot;:&quot;Thomas Martin&quot;,&quot;statut_monetisation&quot;:&quot;gratuit&quot;}}\" rel=\"noopener\">Partagez par Mail<\/a>\n        <\/li>\n<li>\n<p>                Copiez\/Collez le Lien<\/p>\n<p>            Copi\u00e9 !\n        <\/li>\n<\/ul>\n<p>Un week-end bien sombre. L\u2019actualit\u00e9 \u00e0 Paris et en \u00cele-de-France a \u00e9t\u00e9 rythm\u00e9e par plusieurs faits divers qui ont \u00e9clips\u00e9 tout le reste. C\u2019est notamment le cas de cette nouvelle tragique noyade qui a fait deux victimes, de jeunes cousins, \u00e0 Orly dans le Val-de-Marne. L\u2019issue de l\u2019agression subie par un couple dans le 14e arrondissement de Paris aurait pu \u00e9galement se terminer tragiquement. Le week-end a \u00e9galement vu l\u2019acc\u00e9l\u00e9ration de l\u2019enqu\u00eate concernant la d\u00e9couverte de quatre corps dans la Seine mi-ao\u00fbt : le principal suspect a \u00e9t\u00e9 mis en examen. Retrouvez les infos marquantes de ce week-end.\u00a0<\/p>\n<p>Les infos marquantes du week-end \u00e0 Paris et en \u00cele-de-France<\/p>\n<p class=\"expresso-item wall-content\"><a title=\"Lire l&#039;article\" href=\"https:\/\/actu.fr\/ile-de-france\/choisy-le-roi_94022\/ce-que-l-on-sait-de-l-enquete-sur-les-quatre-corps-retrouves-dans-la-seine-apres-la-mise-en-examen-d-un-homme_63071639.html\" target=\"_blank\" rel=\"noopener\">Choisy-le-Roi : Ce que l\u2019on sait de l\u2019enqu\u00eate sur les quatre corps retrouv\u00e9s dans la Seine apr\u00e8s la mise en examen d\u2019un homme<\/a><br \/>Le myst\u00e8re entourant les quatre corps retrouv\u00e9s dans la Seine le 13 ao\u00fbt \u00e0 Choisy-le-Roi (Val-de-Marne) se dissipe peu \u00e0 peu.<\/p>\n<p class=\"expresso-item wall-content\"><a title=\"Lire l&#039;article\" href=\"https:\/\/actu.fr\/ile-de-france\/orly_94054\/orly-deux-cousins-de-3-et-4-ans-se-noient-dans-un-parc-municipal-un-nouveau-drame-dans-le-val-de-marne_63071108.html\" target=\"_blank\" rel=\"noopener\">Orly : deux cousins de 3 et 4 ans se noient dans un parc municipal, un nouveau drame dans le Val-de-Marne<\/a><br \/>Avec cet \u00e9v\u00e8nement tragique, ce sont les quatri\u00e8me et cinqui\u00e8me noyades qui surviennent dans le Val-de-Marne cet \u00e9t\u00e9.<\/p>\n<p class=\"expresso-item wall-content\"><a title=\"Lire l&#039;article\" href=\"https:\/\/actu.fr\/ile-de-france\/paris_75056\/merci-a-mon-cheri-d-avoir-sauve-ma-vie-la-compagne-de-l-homme-poignarde-dans-le-tramway-a-paris-s-exprime_63070827.html\" target=\"_blank\" rel=\"noopener\">\u00ab\u00a0Merci \u00e0 mon ch\u00e9ri d\u2019avoir sauv\u00e9 ma vie\u00a0\u00bb : la compagne de l\u2019homme poignard\u00e9 dans le tramway \u00e0 Paris s\u2019exprime<\/a><br \/>La journaliste Isabelle Pibouleau t\u00e9moigne sur Instagram apr\u00e8s l\u2019agression qu\u2019elle et son compagnon ont v\u00e9cue samedi 23 ao\u00fbt dans le tramway \u00e0 Paris.<\/p>\n<p class=\"expresso-item wall-content\"><a title=\"Lire l&#039;article\" href=\"https:\/\/actu.fr\/faits-divers\/disparition-inquietante-dans-les-yvelines-une-femme-de-35-ans-introuvable-depuis-deux-jours_63071451.html\" target=\"_blank\" rel=\"noopener\">Disparition inqui\u00e9tante dans les Yvelines : une femme de 35 ans introuvable depuis deux jours<\/a><br \/>La police nationale lance un appel \u00e0 t\u00e9moignage suite \u00e0 la disparition d\u2019une femme de 35\u00a0ans \u00e0 Mareil-Marly (Yvelines).<\/p>\n<p class=\"expresso-item wall-content\"><a title=\"Lire l&#039;article\" href=\"https:\/\/actu.fr\/ile-de-france\/nanteuil-les-meaux_77330\/seine-et-marne-un-policier-grievement-blesse-par-un-chauffard-qui-voulait-echapper-a-un-controle_63070547.html\" target=\"_blank\" rel=\"noopener\">Seine-et-Marne : un policier gri\u00e8vement bless\u00e9 par un chauffard qui voulait \u00e9chapper \u00e0 un contr\u00f4le<\/a><br \/>Dans la nuit du 22 au 23 ao\u00fbt, un policier de la Bac a \u00e9t\u00e9 gri\u00e8vement bless\u00e9 apr\u00e8s un refus d\u2019obtemp\u00e9rer pr\u00e8s de Meaux. Le chauffard a pris la fuite.<\/p>\n<p class=\"expresso-item wall-content\"><a title=\"Lire l&#039;article\" href=\"https:\/\/actu.fr\/ile-de-france\/neuilly-plaisance_93049\/une-arnaque-dans-cette-gare-du-rer-a-les-bugs-d-un-portique-ratp-peuvent-couter-de-l-argent_63067584.html\" target=\"_blank\" rel=\"noopener\">\u00ab\u00a0Une arnaque\u00a0\u00bb : dans cette gare du RER A, les bugs d\u2019un portique RATP peuvent co\u00fbter de l\u2019argent<\/a><br \/>Un dysfonctionnement d\u2019un portique de la gare du RER A \u00e0 Neuilly-Plaisance (Seine-Saint-Denis) faisait perdre des tickets aux usagers lors de correspondances.<\/p>\n<p class=\"expresso-item wall-content\"><a title=\"Lire l&#039;article\" href=\"https:\/\/actu.fr\/ile-de-france\/paris_75056\/legislative-a-paris-rachida-dati-refuse-de-laisser-la-place-a-michel-barnier-et-maintient-sa-candidature_63071131.html\" target=\"_blank\" rel=\"noopener\">L\u00e9gislative \u00e0 Paris : Rachida Dati refuse de laisser la place \u00e0 Michel Barnier et maintient sa candidature<\/a><br \/>Psychodrame en vue chez LR ? La ministre de la Culture qui souhaite succ\u00e9der \u00e0 Anne Hidalgo sera bien candidate \u00e0 la l\u00e9gislative partielle dans la 2e circonscription de Paris.<\/p>\n<p class=\" wall-content\">Personnalisez votre actualit\u00e9 en ajoutant vos villes et m\u00e9dias en favori avec <a href=\"https:\/\/moncompte.actu.fr\" title=\"D\u00e9couvez Mon Actu\" rel=\"nofollow noopener\" data-trk=\"{&quot;cta&quot;:{&quot;action&quot;:&quot;https:\\\/\\\/moncompte.actu.fr&quot;,&quot;category&quot;:&quot;mon compte&quot;,&quot;from&quot;:&quot;article footer&quot;,&quot;name&quot;:&quot;Mon actu&quot;,&quot;type&quot;:&quot;cta&quot;}}\" target=\"_blank\">Mon Actu<\/a>.<\/p>\n<p>                    <script async src=\"https:\/\/platform.twitter.com\/widgets.js\" charset=\"utf-8\"><\/script><\/p>\n","protected":false},"excerpt":{"rendered":"Par Thomas Martin Publi\u00e9 le 24 ao\u00fbt 2025 \u00e0 18h06 Commentaires Partager Partagez sur Facebook Partagez sur Twitter&hellip;\n","protected":false},"author":2,"featured_media":340962,"comment_status":"","ping_status":"","sticky":false,"template":"","format":"standard","meta":{"footnotes":""},"categories":[1592],"tags":[1111,11,1777,674,1011,27,662,777,12,626,1072,25,104],"class_list":{"0":"post-340961","1":"post","2":"type-post","3":"status-publish","4":"format-standard","5":"has-post-thumbnail","7":"category-ile-de-france","8":"tag-actu","9":"tag-actualites","10":"tag-eu","11":"tag-europe","12":"tag-fr","13":"tag-france","14":"tag-ile-de-france","15":"tag-meurtre","16":"tag-news","17":"tag-paris","18":"tag-police","19":"tag-republique-francaise","20":"tag-societe"},"share_on_mastodon":{"url":"https:\/\/pubeurope.com\/@fr\/115084705469786897","error":""},"_links":{"self":[{"href":"https:\/\/www.europesays.com\/fr\/wp-json\/wp\/v2\/posts\/340961","targetHints":{"allow":["GET"]}}],"collection":[{"href":"https:\/\/www.europesays.com\/fr\/wp-json\/wp\/v2\/posts"}],"about":[{"href":"https:\/\/www.europesays.com\/fr\/wp-json\/wp\/v2\/types\/post"}],"author":[{"embeddable":true,"href":"https:\/\/www.europesays.com\/fr\/wp-json\/wp\/v2\/users\/2"}],"replies":[{"embeddable":true,"href":"https:\/\/www.europesays.com\/fr\/wp-json\/wp\/v2\/comments?post=340961"}],"version-history":[{"count":0,"href":"https:\/\/www.europesays.com\/fr\/wp-json\/wp\/v2\/posts\/340961\/revisions"}],"wp:featuredmedia":[{"embeddable":true,"href":"https:\/\/www.europesays.com\/fr\/wp-json\/wp\/v2\/media\/340962"}],"wp:attachment":[{"href":"https:\/\/www.europesays.com\/fr\/wp-json\/wp\/v2\/media?parent=340961"}],"wp:term":[{"taxonomy":"category","embeddable":true,"href":"https:\/\/www.europesays.com\/fr\/wp-json\/wp\/v2\/categories?post=340961"},{"taxonomy":"post_tag","embeddable":true,"href":"https:\/\/www.europesays.com\/fr\/wp-json\/wp\/v2\/tags?post=340961"}],"curies":[{"name":"wp","href":"https:\/\/api.w.org\/{rel}","templated":true}]}}