{"id":340963,"date":"2025-08-24T16:33:10","date_gmt":"2025-08-24T16:33:10","guid":{"rendered":"https:\/\/www.europesays.com\/fr\/340963\/"},"modified":"2025-08-24T16:33:10","modified_gmt":"2025-08-24T16:33:10","slug":"un-jeune-homme-gravement-brule-apres-avoir-grimpe-sur-un-wagon-sncf","status":"publish","type":"post","link":"https:\/\/www.europesays.com\/fr\/340963\/","title":{"rendered":"Un jeune homme gravement br\u00fbl\u00e9 apr\u00e8s avoir grimp\u00e9 sur un wagon SNCF"},"content":{"rendered":"<p class=\"article__intro\">Un jeune homme \u00e2g\u00e9 de 19 ans a \u00e9t\u00e9 gravement bless\u00e9 apr\u00e8s \u00eatre mont\u00e9 sur le toit d\u2019un wagon. Il aurait touch\u00e9 une cat\u00e9naire, provoquant une violente \u00e9lectrisation.<\/p>\n<p>\n      L\u2019actu des r\u00e9gions\n    <\/p>\n<p>\n      Chaque jour, un tour d\u2019horizon des principales infos de toutes les r\u00e9gions.\n    <\/p>\n<p>    France T\u00e9l\u00e9visions utilise votre adresse e-mail afin de vous envoyer la newsletter \u00ab\u00a0L\u2019actu des r\u00e9gions\u00a0\u00bb. Vous pouvez vous d\u00e9sinscrire \u00e0 tout moment via le lien en bas de cette newsletter. <a target=\"_blank\" href=\"https:\/\/www.francetelevisions.fr\/groupe\/confidentialite\/politique-de-confidentialite\/politique-de-confidentialite-de-france-televisions-6503\" rel=\"nofollow noopener\">Notre politique de confidentialit\u00e9<\/a><\/p>\n<p data-start=\"234\" data-end=\"536\">L&rsquo;accident s\u2019est produit samedi 23 ao\u00fbt 2025, peu apr\u00e8s 20 heures \u00e0 la gare SNCF de M\u00e9zidon-Canon, dans le Calvados.\u00a0<\/p>\n<p data-start=\"234\" data-end=\"536\">La victime, qui \u00e9tait mont\u00e9e sur le toit d&rsquo;un wagon, a \u00e9t\u00e9 electris\u00e9e, br\u00fbl\u00e9e s\u00e9v\u00e8rement. Rapidement d\u00e9p\u00each\u00e9s sur place, les secours l&rsquo;ont prise en charge. Son \u00e9tat a n\u00e9cessit\u00e9 une m\u00e9dicalisation imm\u00e9diate.<\/p>\n<p data-start=\"234\" data-end=\"536\">Le jeune homme a \u00e9t\u00e9 transport\u00e9 en urgence absolue vers le CHU de Caen par une \u00e9quipe du SAMU.<\/p>\n<p data-start=\"768\" data-end=\"945\">L\u2019incident a \u00e9galement entra\u00een\u00e9 l\u2019interruption du trafic ferroviaire sur la ligne Caen\u2013Paris, le temps de l\u2019intervention des services de secours et de la s\u00e9curisation du site.<\/p>\n<p data-start=\"947\" data-end=\"1106\">Une enqu\u00eate a \u00e9t\u00e9 ouverte par la Police judiciaire, dont un officier \u00e9tait pr\u00e9sent sur les lieux, afin de d\u00e9terminer les circonstances exactes de l\u2019accident.<\/p>\n","protected":false},"excerpt":{"rendered":"Un jeune homme \u00e2g\u00e9 de 19 ans a \u00e9t\u00e9 gravement bless\u00e9 apr\u00e8s \u00eatre mont\u00e9 sur le toit d\u2019un&hellip;\n","protected":false},"author":2,"featured_media":340964,"comment_status":"","ping_status":"","sticky":false,"template":"","format":"standard","meta":{"footnotes":""},"categories":[1888],"tags":[1111,1928,11,1927,1777,674,1011,27,12,1926,626,1925,25],"class_list":{"0":"post-340963","1":"post","2":"type-post","3":"status-publish","4":"format-standard","5":"has-post-thumbnail","7":"category-paris","8":"tag-actu","9":"tag-actu-paris","10":"tag-actualites","11":"tag-actualites-paris","12":"tag-eu","13":"tag-europe","14":"tag-fr","15":"tag-france","16":"tag-news","17":"tag-news-paris","18":"tag-paris","19":"tag-paris-news","20":"tag-republique-francaise"},"share_on_mastodon":{"url":"https:\/\/pubeurope.com\/@fr\/115084709387010427","error":""},"_links":{"self":[{"href":"https:\/\/www.europesays.com\/fr\/wp-json\/wp\/v2\/posts\/340963","targetHints":{"allow":["GET"]}}],"collection":[{"href":"https:\/\/www.europesays.com\/fr\/wp-json\/wp\/v2\/posts"}],"about":[{"href":"https:\/\/www.europesays.com\/fr\/wp-json\/wp\/v2\/types\/post"}],"author":[{"embeddable":true,"href":"https:\/\/www.europesays.com\/fr\/wp-json\/wp\/v2\/users\/2"}],"replies":[{"embeddable":true,"href":"https:\/\/www.europesays.com\/fr\/wp-json\/wp\/v2\/comments?post=340963"}],"version-history":[{"count":0,"href":"https:\/\/www.europesays.com\/fr\/wp-json\/wp\/v2\/posts\/340963\/revisions"}],"wp:featuredmedia":[{"embeddable":true,"href":"https:\/\/www.europesays.com\/fr\/wp-json\/wp\/v2\/media\/340964"}],"wp:attachment":[{"href":"https:\/\/www.europesays.com\/fr\/wp-json\/wp\/v2\/media?parent=340963"}],"wp:term":[{"taxonomy":"category","embeddable":true,"href":"https:\/\/www.europesays.com\/fr\/wp-json\/wp\/v2\/categories?post=340963"},{"taxonomy":"post_tag","embeddable":true,"href":"https:\/\/www.europesays.com\/fr\/wp-json\/wp\/v2\/tags?post=340963"}],"curies":[{"name":"wp","href":"https:\/\/api.w.org\/{rel}","templated":true}]}}