{"id":340967,"date":"2025-08-24T16:35:11","date_gmt":"2025-08-24T16:35:11","guid":{"rendered":"https:\/\/www.europesays.com\/fr\/340967\/"},"modified":"2025-08-24T16:35:11","modified_gmt":"2025-08-24T16:35:11","slug":"plus-cest-gros-plus-ca-passe-lelysee-dement-que-des-figurants-ont-ete-payes-pour-acclamer-macron-le-14-juillet","status":"publish","type":"post","link":"https:\/\/www.europesays.com\/fr\/340967\/","title":{"rendered":"\u00ab\u00a0Plus c\u2019est gros, plus \u00e7a passe\u00a0\u00bb\u00a0: l\u2019\u00c9lys\u00e9e d\u00e9ment que des figurants ont \u00e9t\u00e9 pay\u00e9s pour \u00ab\u00a0acclamer\u00a0\u00bb Macron le 14\u00a0juillet"},"content":{"rendered":"<p class=\"paragraph text_align_left lp-f-body-02\">\u00ab Plus c\u2019est gros, plus \u00e7a passe. \u00bb L\u2019\u00c9lys\u00e9e a logiquement d\u00e9menti, ce dimanche, dans un message post\u00e9 sur X, le recrutement de \u00ab 500 figurants \u00bb \u00ab recrut\u00e9s pour acclamer \u00bb Emmanuel Macron lors <a href=\"https:\/\/www.leparisien.fr\/societe\/defile-du-14-juillet-avions-soldats-legion-etrangere-chute-de-cheval-la-parade-militaire-sur-les-champs-elysees-en-12-photos-14-07-2025-5VEO7Z5E4ZCDLO475QADP3DOYI.php\" target=\"_blank\" rel=\"noreferrer nofollow noopener\">du d\u00e9fil\u00e9 du 14 juillet dernier<\/a>, comme \u00e9voqu\u00e9 dans une publication post\u00e9e la veille sur X.<\/p>\n<p class=\"paragraph text_align_left lp-f-body-02\">Dans une publication post\u00e9e samedi par \u00ab Jacques Renardiere \u00bb sur X, il \u00e9tait \u00ab r\u00e9v\u00e9l\u00e9 \u00bb que \u00ab 500 figurants auraient \u00e9t\u00e9 recrut\u00e9s pour acclamer Macron pour un salaire de 98 euros \u00bb. La preuve ? Une publication pr\u00e9tendument post\u00e9e dans un groupe Facebook dans laquelle une soci\u00e9t\u00e9 de production annonce rechercher contre r\u00e9mun\u00e9ration des figurants \u00ab pour garnir et garantir une foule en liesse pour la descente du pr\u00e9sident \u00bb le 14 juillet, le long des Champs-\u00c9lys\u00e9es.<\/p>\n<p class=\"paragraph text_align_left lp-f-body-02\">Un internaute avait, d\u00e9j\u00e0 samedi, \u00ab d\u00e9bunk\u00e9 \u00bb cette \u00ab information \u00bb. \u00ab Nous sommes donc face \u00e0 une annonce de recrutement douteuse, \u00e9mise au nom d\u2019une entreprise inexistante, publi\u00e9e par un profil suspect et relay\u00e9e par des comptes tout aussi douteux \u00bb, r\u00e9sumait sur X KnwldgMedia, sp\u00e9cialis\u00e9 dans le fact-checking.<\/p>\n<p class=\"paragraph text_align_left lp-f-body-02\">La vid\u00e9o accumulant presque un million de vues, l\u2019\u00c9lys\u00e9e a donc d\u00e9cid\u00e9 ce dimanche de d\u00e9mentir cette information par des canaux officiels \u2014 au risque de braquer sur elle un coup de projecteur. \u00ab Plus c\u2019est gros, plus \u00e7a passe \u00bb, a d\u00e9nonc\u00e9 le Palais, accompagnant le post d\u2019une capture de la publication originale, bard\u00e9e d\u2019un \u00ab Faux \u00bb.<\/p>\n<p class=\"paragraph text_align_left lp-f-body-02\">Ce n\u2019est pas la premi\u00e8re fois que la pr\u00e9sidence de la R\u00e9publique fait un d\u00e9menti officiel sur de fausses informations, <a href=\"https:\/\/www.leparisien.fr\/societe\/combattre-les-fake-news-au-coeur-dune-seance-de-demontage-dinfox-avec-des-collegiens-de-5e-19-12-2023-IR2DR6563FDGPNMC4IBMYCKXZE.php\" target=\"_blank\" rel=\"noreferrer nofollow noopener\">de plus en plus nombreuses sur les r\u00e9seaux sociaux<\/a>. En mai, l\u2019\u00c9lys\u00e9e avait par exemple ainsi tenu \u00e0 pr\u00e9ciser que <a href=\"https:\/\/www.leparisien.fr\/politique\/ceci-est-un-mouchoir-pour-se-moucher-quand-lelysee-dement-la-presence-dun-sachet-de-cocaine-a-une-reunion-de-macron-12-05-2025-YBYUKWQBCZE4BLB35OXLR4UZ7I.php\" target=\"_blank\" rel=\"noreferrer nofollow noopener\">ce que certains voyaient comme un sachet de coca\u00efne<\/a> \u00e9tait un \u00ab mouchoir pour se moucher \u00bb.<\/p>\n","protected":false},"excerpt":{"rendered":"\u00ab Plus c\u2019est gros, plus \u00e7a passe. \u00bb L\u2019\u00c9lys\u00e9e a logiquement d\u00e9menti, ce dimanche, dans un message post\u00e9&hellip;\n","protected":false},"author":2,"featured_media":340968,"comment_status":"","ping_status":"","sticky":false,"template":"","format":"standard","meta":{"footnotes":""},"categories":[1888],"tags":[11,1777,674,1011,27,12,626,316,25],"class_list":{"0":"post-340967","1":"post","2":"type-post","3":"status-publish","4":"format-standard","5":"has-post-thumbnail","7":"category-paris","8":"tag-actualites","9":"tag-eu","10":"tag-europe","11":"tag-fr","12":"tag-france","13":"tag-news","14":"tag-paris","15":"tag-politique","16":"tag-republique-francaise"},"share_on_mastodon":{"url":"https:\/\/pubeurope.com\/@fr\/115084717175674073","error":""},"_links":{"self":[{"href":"https:\/\/www.europesays.com\/fr\/wp-json\/wp\/v2\/posts\/340967","targetHints":{"allow":["GET"]}}],"collection":[{"href":"https:\/\/www.europesays.com\/fr\/wp-json\/wp\/v2\/posts"}],"about":[{"href":"https:\/\/www.europesays.com\/fr\/wp-json\/wp\/v2\/types\/post"}],"author":[{"embeddable":true,"href":"https:\/\/www.europesays.com\/fr\/wp-json\/wp\/v2\/users\/2"}],"replies":[{"embeddable":true,"href":"https:\/\/www.europesays.com\/fr\/wp-json\/wp\/v2\/comments?post=340967"}],"version-history":[{"count":0,"href":"https:\/\/www.europesays.com\/fr\/wp-json\/wp\/v2\/posts\/340967\/revisions"}],"wp:featuredmedia":[{"embeddable":true,"href":"https:\/\/www.europesays.com\/fr\/wp-json\/wp\/v2\/media\/340968"}],"wp:attachment":[{"href":"https:\/\/www.europesays.com\/fr\/wp-json\/wp\/v2\/media?parent=340967"}],"wp:term":[{"taxonomy":"category","embeddable":true,"href":"https:\/\/www.europesays.com\/fr\/wp-json\/wp\/v2\/categories?post=340967"},{"taxonomy":"post_tag","embeddable":true,"href":"https:\/\/www.europesays.com\/fr\/wp-json\/wp\/v2\/tags?post=340967"}],"curies":[{"name":"wp","href":"https:\/\/api.w.org\/{rel}","templated":true}]}}