{"id":340971,"date":"2025-08-24T16:37:10","date_gmt":"2025-08-24T16:37:10","guid":{"rendered":"https:\/\/www.europesays.com\/fr\/340971\/"},"modified":"2025-08-24T16:37:10","modified_gmt":"2025-08-24T16:37:10","slug":"la-russie-a-fait-de-grandes-concessions-pour-mettre-fin-a-la-guerre-avec-lukraine","status":"publish","type":"post","link":"https:\/\/www.europesays.com\/fr\/340971\/","title":{"rendered":"La Russie a fait de grandes concessions pour mettre fin \u00e0 la guerre avec l&rsquo;Ukraine"},"content":{"rendered":"<p>Le vice-pr\u00e9sident am\u00e9ricain J.D. Vance a exprim\u00e9 sa confiance dans la possibilit\u00e9 de progresser vers la fin de la guerre entre la Russie et l&rsquo;Ukraine par la n\u00e9gociation, en soulignant que Moscou avait fait de grandes concessions dans ce contexte.<\/p>\n<p>Dans une interview avec le r\u00e9seau \u00ab\u00a0NBC\u00a0\u00bb ce dimanche, Vance a d\u00e9clar\u00e9 que le pr\u00e9sident russe Vladimir Poutine avait propos\u00e9 un ensemble de concessions, y compris des garanties de s\u00e9curit\u00e9 pour l&rsquo;Ukraine afin de la prot\u00e9ger de toute agression russe future.<\/p>\n<p>Il a ajout\u00e9 : \u00ab\u00a0Je pense que les Russes ont fait de grandes concessions au pr\u00e9sident (am\u00e9ricain Donald) Trump pour la premi\u00e8re fois depuis trois ans et demi\u00a0\u00bb, en soulignant que Moscou avait r\u00e9alis\u00e9 qu&rsquo;elle ne pourrait pas installer un r\u00e9gime pro-russe \u00e0 Kiev, ce qui \u00e9tait l&rsquo;un de ses principaux objectifs au d\u00e9but de la guerre.<\/p>\n<p>Vance a \u00e9galement confirm\u00e9 que la Russie avait reconnu la n\u00e9cessit\u00e9 d&rsquo;avoir des garanties de s\u00e9curit\u00e9 pour prot\u00e9ger l&rsquo;int\u00e9grit\u00e9 territoriale de l&rsquo;Ukraine, une \u00e9tape qu&rsquo;il a consid\u00e9r\u00e9e comme un tournant dans la position russe.<\/p>\n<p>Dans un contexte connexe, le pr\u00e9sident am\u00e9ricain Donald Trump a renouvel\u00e9 vendredi sa menace d&rsquo;imposer de nouvelles sanctions \u00e0 la Russie, en cas de non-progr\u00e8s tangible vers un r\u00e8glement pacifique dans les deux semaines, exprimant sa frustration envers Moscou apr\u00e8s sa r\u00e9cente r\u00e9union avec Poutine en Alaska.<\/p>\n<p>Vance a pr\u00e9cis\u00e9 que l&rsquo;examen des sanctions se ferait au cas par cas, mais il a reconnu que l&rsquo;imposition de sanctions suppl\u00e9mentaires pourrait ne pas suffire \u00e0 pousser la Russie \u00e0 un cessez-le-feu.<\/p>\n","protected":false},"excerpt":{"rendered":"Le vice-pr\u00e9sident am\u00e9ricain J.D. Vance a exprim\u00e9 sa confiance dans la possibilit\u00e9 de progresser vers la fin de&hellip;\n","protected":false},"author":2,"featured_media":340972,"comment_status":"","ping_status":"","sticky":false,"template":"","format":"standard","meta":{"footnotes":""},"categories":[1591],"tags":[11,45969,1887,7243,46192,12,316,1885,1886,132],"class_list":{"0":"post-340971","1":"post","2":"type-post","3":"status-publish","4":"format-standard","5":"has-post-thumbnail","7":"category-russie","8":"tag-actualites","9":"tag-actualites-mondiales","10":"tag-federation-de-russie","11":"tag-le-monde","12":"tag-les-principales-nouvelles","13":"tag-news","14":"tag-politique","15":"tag-russia","16":"tag-russian-federation","17":"tag-russie"},"share_on_mastodon":{"url":"https:\/\/pubeurope.com\/@fr\/115084725056796622","error":""},"_links":{"self":[{"href":"https:\/\/www.europesays.com\/fr\/wp-json\/wp\/v2\/posts\/340971","targetHints":{"allow":["GET"]}}],"collection":[{"href":"https:\/\/www.europesays.com\/fr\/wp-json\/wp\/v2\/posts"}],"about":[{"href":"https:\/\/www.europesays.com\/fr\/wp-json\/wp\/v2\/types\/post"}],"author":[{"embeddable":true,"href":"https:\/\/www.europesays.com\/fr\/wp-json\/wp\/v2\/users\/2"}],"replies":[{"embeddable":true,"href":"https:\/\/www.europesays.com\/fr\/wp-json\/wp\/v2\/comments?post=340971"}],"version-history":[{"count":0,"href":"https:\/\/www.europesays.com\/fr\/wp-json\/wp\/v2\/posts\/340971\/revisions"}],"wp:featuredmedia":[{"embeddable":true,"href":"https:\/\/www.europesays.com\/fr\/wp-json\/wp\/v2\/media\/340972"}],"wp:attachment":[{"href":"https:\/\/www.europesays.com\/fr\/wp-json\/wp\/v2\/media?parent=340971"}],"wp:term":[{"taxonomy":"category","embeddable":true,"href":"https:\/\/www.europesays.com\/fr\/wp-json\/wp\/v2\/categories?post=340971"},{"taxonomy":"post_tag","embeddable":true,"href":"https:\/\/www.europesays.com\/fr\/wp-json\/wp\/v2\/tags?post=340971"}],"curies":[{"name":"wp","href":"https:\/\/api.w.org\/{rel}","templated":true}]}}