{"id":340975,"date":"2025-08-24T16:39:11","date_gmt":"2025-08-24T16:39:11","guid":{"rendered":"https:\/\/www.europesays.com\/fr\/340975\/"},"modified":"2025-08-24T16:39:11","modified_gmt":"2025-08-24T16:39:11","slug":"les-etats-unis-sappretent-a-prendre-99-du-capital-dintel","status":"publish","type":"post","link":"https:\/\/www.europesays.com\/fr\/340975\/","title":{"rendered":"Les \u00c9tats-Unis s&rsquo;appr\u00eatent \u00e0 prendre 9,9 % du capital d&rsquo;Intel"},"content":{"rendered":"<p>Cette fois \u00e7a semble fait. Le pr\u00e9sident Trump a confirm\u00e9 que l\u2019Etat allait <a href=\"https:\/\/overclocking.com\/les-usa-veulent-prendre-10-du-capital-dintel\/\" target=\"_blank\" rel=\"noopener nofollow\">entrer au capital d\u2019Intel \u00e0 hauteur de 9.9%<\/a>. Fid\u00e8le \u00e0 sa r\u00e9putation, Trump a martel\u00e9 qu\u2019il ne pouvait pas accepter de n\u2019avoir rien en retour d\u2019une injection d\u2019argent public promise par son pr\u00e9d\u00e9cesseur. De fait, ces presque 10% correspondent aux 11,1 milliards de subventions d\u00e9j\u00e0 accord\u00e9es ou \u00e0 venir : 7,9 milliards au titre du CHIPS Act (2,2 milliards d\u00e9j\u00e0 vers\u00e9es et 5,7 milliards \u00e0 venir) et 3,2 milliards d\u00e9j\u00e0 offerts via un autre programme.<\/p>\n<p><a href=\"https:\/\/www.europesays.com\/fr\/wp-content\/uploads\/2025\/08\/Intel-Fab-42-Arizona.jpg\"><img fetchpriority=\"high\" decoding=\"async\" class=\" td-modal-image wp-image-139655\" title=\"Intel Fab 42 Arizona\" src=\"data:image\/svg+xml,%3Csvg%20xmlns=\" http:=\"\" alt=\"Intel Fab 42 Arizona\" width=\"690\" height=\"460\" data-lazy- data-lazy- data-lazy-src=\"https:\/\/www.europesays.com\/fr\/wp-content\/uploads\/2025\/08\/Intel-Fab-42-Arizona.jpg\"\/><\/a>La FAB 42 d\u2019Intel en Arizona<\/p>\n<p>C\u2019est un grand honneur pour moi d\u2019annoncer que les \u00c9tats-Unis poss\u00e8dent d\u00e9sormais pleinement 10% du capital d\u2019Intel, une grande entreprise am\u00e9ricaine avec d\u00e9sormais un futur encore plus incroyable. (D.Trump).<\/p>\n<p>De son c\u00f4t\u00e9, le PDG d\u2019Intel a aussi communiqu\u00e9, confirmant de facto l\u2019op\u00e9ration.<\/p>\n<p>Nous sommes reconnaissants de la confiance dans Intel affich\u00e9e par le pr\u00e9sident et le gouvernement et souhaitons travailler afin de renforcer la domination technologique et industrielle des Etats-Unis (Lip-Bu Tan, CEO Intel).<\/p>\n<p>\nPublicit\u00e9<\/p>\n<p>Intel : et maintenant on va parler des produits ?<\/p>\n<p>Dans les d\u00e9tails, cette entr\u00e9e de l\u2019\u00e9tat am\u00e9ricain au capital d\u2019Intel se ferait cependant sans droit de vote ni si\u00e8ge au conseil d\u2019administration du groupe. Cette op\u00e9ration est-elle le signe que le PDG d\u2019Intel s\u2019est achet\u00e9 un peu de s\u00e9r\u00e9nit\u00e9 ? Vous l\u2019avez peut-\u00eatre suivi mais il y a quelques jours, le pr\u00e9sident Trump, avait <a href=\"https:\/\/overclocking.com\/trump-demande-la-demission-du-pdg-dintel\/\" target=\"_blank\" rel=\"noopener nofollow\">exig\u00e9 sa d\u00e9mission<\/a> en raison de liens suppos\u00e9s avec des entreprises chinoises proches de l\u2019arm\u00e9e rouge.<\/p>\n<p>La semaine derni\u00e8re SoftBank a annonc\u00e9 aussi une prise de participation chez Intel. C\u2019est un investissement de 2 milliards dans le fabricant am\u00e9ricain, contre 2 % du capital du groupe (de nouvelles actions seront \u00e9mises \u00e0 cet effet).<\/p>\n<p>Tous ces signaux vont-ils suffirent \u00e0 Intel pour calmer la d\u00e9fiance qui dure maintenant depuis des mois ? Les prochains produits d\u2019Intel sont attendus avec beaucoup d\u2019impatience et fond l\u2019objet de beaucoup de sp\u00e9culations. Cependant, avec l\u2019Etat am\u00e9ricain au capital, la pression sur les <a href=\"https:\/\/overclocking.com\/apple-interesse-par-le-process-14a-dintel\/\" target=\"_blank\" rel=\"noopener nofollow\">Apple<\/a>, Nvidia et AMD pourrait s\u2019accentuer afin qu\u2019ils fassent fabriquer certaines de leurs puces dans les foundries d\u2019Intel.<\/p>\n","protected":false},"excerpt":{"rendered":"Cette fois \u00e7a semble fait. Le pr\u00e9sident Trump a confirm\u00e9 que l\u2019Etat allait entrer au capital d\u2019Intel \u00e0&hellip;\n","protected":false},"author":2,"featured_media":340976,"comment_status":"","ping_status":"","sticky":false,"template":"","format":"standard","meta":{"footnotes":""},"categories":[1589],"tags":[11,73,1866,1874,12,1864,1865,1863,308],"class_list":{"0":"post-340975","1":"post","2":"type-post","3":"status-publish","4":"format-standard","5":"has-post-thumbnail","7":"category-etats-unis","8":"tag-actualites","9":"tag-etats-unis","10":"tag-etats-unis-damerique","11":"tag-intel","12":"tag-news","13":"tag-united-states","14":"tag-united-states-of-america","15":"tag-us","16":"tag-usa"},"share_on_mastodon":{"url":"https:\/\/pubeurope.com\/@fr\/115084732915194995","error":""},"_links":{"self":[{"href":"https:\/\/www.europesays.com\/fr\/wp-json\/wp\/v2\/posts\/340975","targetHints":{"allow":["GET"]}}],"collection":[{"href":"https:\/\/www.europesays.com\/fr\/wp-json\/wp\/v2\/posts"}],"about":[{"href":"https:\/\/www.europesays.com\/fr\/wp-json\/wp\/v2\/types\/post"}],"author":[{"embeddable":true,"href":"https:\/\/www.europesays.com\/fr\/wp-json\/wp\/v2\/users\/2"}],"replies":[{"embeddable":true,"href":"https:\/\/www.europesays.com\/fr\/wp-json\/wp\/v2\/comments?post=340975"}],"version-history":[{"count":0,"href":"https:\/\/www.europesays.com\/fr\/wp-json\/wp\/v2\/posts\/340975\/revisions"}],"wp:featuredmedia":[{"embeddable":true,"href":"https:\/\/www.europesays.com\/fr\/wp-json\/wp\/v2\/media\/340976"}],"wp:attachment":[{"href":"https:\/\/www.europesays.com\/fr\/wp-json\/wp\/v2\/media?parent=340975"}],"wp:term":[{"taxonomy":"category","embeddable":true,"href":"https:\/\/www.europesays.com\/fr\/wp-json\/wp\/v2\/categories?post=340975"},{"taxonomy":"post_tag","embeddable":true,"href":"https:\/\/www.europesays.com\/fr\/wp-json\/wp\/v2\/tags?post=340975"}],"curies":[{"name":"wp","href":"https:\/\/api.w.org\/{rel}","templated":true}]}}