{"id":340977,"date":"2025-08-24T16:40:14","date_gmt":"2025-08-24T16:40:14","guid":{"rendered":"https:\/\/www.europesays.com\/fr\/340977\/"},"modified":"2025-08-24T16:40:14","modified_gmt":"2025-08-24T16:40:14","slug":"premier-fournisseur-de-myrtilles-du-royaume-uni-devant-leurope","status":"publish","type":"post","link":"https:\/\/www.europesays.com\/fr\/340977\/","title":{"rendered":"premier fournisseur de myrtilles du Royaume-Uni, devant l\u2019Europe"},"content":{"rendered":"<p style=\"text-align: justify\"><strong>Le Maroc s\u2019impose d\u00e9sormais comme le premier fournisseur de myrtilles du Royaume-Uni, d\u00e9passant l\u2019ensemble de ses concurrents europ\u00e9ens, selon un rapport publi\u00e9 par le portail sp\u00e9cialis\u00e9 EastFruit.<\/strong><\/p>\n<p style=\"text-align: justify\">Entre juillet 2024 et juin 2025, le Royaume a export\u00e9 pr\u00e8s de 19.000 tonnes de myrtilles vers le march\u00e9 britannique, pour une valeur estim\u00e9e \u00e0 144 millions de dollars, soit une progression annuelle de 44 % par rapport \u00e0 la campagne pr\u00e9c\u00e9dente. Les volumes ont ainsi doubl\u00e9 en seulement deux saisons.<\/p>\n<p style=\"text-align: justify\">En l\u2019espace de cinq campagnes, les exportations marocaines ont \u00e9t\u00e9 multipli\u00e9es par dix. Si les premi\u00e8res livraisons datent de 2009, l\u2019essor significatif s\u2019est produit apr\u00e8s le Brexit, qui a ouvert de nouvelles opportunit\u00e9s commerciales pour le Royaume.<\/p>\n<p style=\"text-align: justify\">Class\u00e9 huiti\u00e8me fournisseur du march\u00e9 britannique en 2019\/2020, le Maroc est pass\u00e9 \u00e0 la troisi\u00e8me place en 2021\/2022, d\u00e9passant l\u2019Espagne, puis a fr\u00f4l\u00e9 les performances du P\u00e9rou en 2022\/2023. La campagne actuelle lui permet de devenir leader incontest\u00e9.<\/p>\n<p style=\"text-align: justify\">La saison marocaine s\u2019\u00e9tend de septembre \u00e0 juin, avec un pic en avril o\u00f9 le pays d\u00e9tient jusqu\u2019\u00e0 75 % des parts de march\u00e9. Sur l\u2019ensemble de la saison, le Maroc fournit un quart des importations britanniques de myrtilles.<\/p>\n<p style=\"text-align: justify\">Cette performance repose sur la croissance de la demande mondiale et la comp\u00e9titivit\u00e9 accrue de la fili\u00e8re marocaine, capable de rivaliser avec les grands producteurs mondiaux, tout en consolidant la place du Royaume comme puissance agricole \u00e9mergente sur les march\u00e9s \u00e0 forte valeur ajout\u00e9e.<\/p>\n","protected":false},"excerpt":{"rendered":"Le Maroc s\u2019impose d\u00e9sormais comme le premier fournisseur de myrtilles du Royaume-Uni, d\u00e9passant l\u2019ensemble de ses concurrents europ\u00e9ens,&hellip;\n","protected":false},"author":2,"featured_media":340978,"comment_status":"","ping_status":"","sticky":false,"template":"","format":"standard","meta":{"footnotes":""},"categories":[1588],"tags":[11,1777,674,12,473,1853,1851,1850,1852],"class_list":{"0":"post-340977","1":"post","2":"type-post","3":"status-publish","4":"format-standard","5":"has-post-thumbnail","7":"category-royaume-uni","8":"tag-actualites","9":"tag-eu","10":"tag-europe","11":"tag-news","12":"tag-royaume-uni","13":"tag-royaume-uni-de-grande-bretagne-et-dirlande-du-nord","14":"tag-uk","15":"tag-united-kingdom","16":"tag-united-kingdom-of-great-britain-and-northern-ireland"},"share_on_mastodon":{"url":"https:\/\/pubeurope.com\/@fr\/115084736872091773","error":""},"_links":{"self":[{"href":"https:\/\/www.europesays.com\/fr\/wp-json\/wp\/v2\/posts\/340977","targetHints":{"allow":["GET"]}}],"collection":[{"href":"https:\/\/www.europesays.com\/fr\/wp-json\/wp\/v2\/posts"}],"about":[{"href":"https:\/\/www.europesays.com\/fr\/wp-json\/wp\/v2\/types\/post"}],"author":[{"embeddable":true,"href":"https:\/\/www.europesays.com\/fr\/wp-json\/wp\/v2\/users\/2"}],"replies":[{"embeddable":true,"href":"https:\/\/www.europesays.com\/fr\/wp-json\/wp\/v2\/comments?post=340977"}],"version-history":[{"count":0,"href":"https:\/\/www.europesays.com\/fr\/wp-json\/wp\/v2\/posts\/340977\/revisions"}],"wp:featuredmedia":[{"embeddable":true,"href":"https:\/\/www.europesays.com\/fr\/wp-json\/wp\/v2\/media\/340978"}],"wp:attachment":[{"href":"https:\/\/www.europesays.com\/fr\/wp-json\/wp\/v2\/media?parent=340977"}],"wp:term":[{"taxonomy":"category","embeddable":true,"href":"https:\/\/www.europesays.com\/fr\/wp-json\/wp\/v2\/categories?post=340977"},{"taxonomy":"post_tag","embeddable":true,"href":"https:\/\/www.europesays.com\/fr\/wp-json\/wp\/v2\/tags?post=340977"}],"curies":[{"name":"wp","href":"https:\/\/api.w.org\/{rel}","templated":true}]}}