{"id":340979,"date":"2025-08-24T16:41:09","date_gmt":"2025-08-24T16:41:09","guid":{"rendered":"https:\/\/www.europesays.com\/fr\/340979\/"},"modified":"2025-08-24T16:41:09","modified_gmt":"2025-08-24T16:41:09","slug":"propositions-en-allemagne-pour-relever-lage-de-la-retraite-a-70-ans","status":"publish","type":"post","link":"https:\/\/www.europesays.com\/fr\/340979\/","title":{"rendered":"Propositions en Allemagne pour relever l&rsquo;\u00e2ge de la retraite \u00e0 70 ans"},"content":{"rendered":"<p>Pascal Riedig, pr\u00e9sident du groupe des jeunes au sein du groupe parlementaire de l&rsquo;Union chr\u00e9tienne-d\u00e9mocrate\/Union chr\u00e9tienne-sociale au Bundestag, a suscit\u00e9 un d\u00e9bat apr\u00e8s avoir propos\u00e9 de relever l&rsquo;\u00e2ge de la retraite en Allemagne \u00e0 70 ans.<\/p>\n<p>Riedig a expliqu\u00e9 que l&rsquo;objectif de la r\u00e9forme est \u00ab\u00a0de r\u00e9partir les charges de mani\u00e8re plus \u00e9quitable entre les g\u00e9n\u00e9rations\u00a0\u00bb, estimant que le syst\u00e8me actuel exerce une pression excessive sur les jeunes.<\/p>\n<p>L&rsquo;\u00e2ge de la retraite officiel en Allemagne est actuellement de 67 ans, avec la possibilit\u00e9 de prendre une retraite anticip\u00e9e \u00e0 partir de 63 ans sous r\u00e9serve d&rsquo;avoir compl\u00e9t\u00e9 35 ann\u00e9es de service, mais cette option entra\u00eene une r\u00e9duction de la pension due. Dans ce contexte, Riedig a appel\u00e9 \u00e0 r\u00e9duire l&rsquo;attractivit\u00e9 de la retraite anticip\u00e9e en supprimant le syst\u00e8me de retraite \u00e0 63 ans dans sa forme actuelle.<\/p>\n<p>Il a \u00e9galement soulign\u00e9 que l&rsquo;augmentation de l&rsquo;\u00e2ge de la retraite devrait se faire progressivement en parall\u00e8le avec l&rsquo;augmentation de l&rsquo;esp\u00e9rance de vie. Il a ajout\u00e9 que l&rsquo;augmentation des pensions \u00e0 l&rsquo;avenir devrait \u00eatre plus lente et li\u00e9e au taux d&rsquo;inflation plut\u00f4t qu&rsquo;aux salaires, consid\u00e9rant cela comme \u00ab\u00a0plus juste et plus durable pour le syst\u00e8me\u00a0\u00bb.<\/p>\n<p>Il a d\u00e9clar\u00e9 : \u00ab\u00a0Il ne sera pas possible de continuer \u00e0 r\u00e9aliser des augmentations importantes des pensions comme cela a \u00e9t\u00e9 le cas par le pass\u00e9, \u00e0 moins que nous soyons pr\u00eats \u00e0 risquer l&rsquo;effondrement de l&rsquo;ensemble du syst\u00e8me de retraite\u00a0\u00bb.<\/p>\n<p>Le syst\u00e8me de retraite allemand repose sur le principe de solidarit\u00e9 sociale, o\u00f9 la pension est d\u00e9termin\u00e9e en fonction des ann\u00e9es de service et du niveau des salaires, avec la possibilit\u00e9 de cumuler la pension publique avec des pensions priv\u00e9es et l&rsquo;assurance maladie obligatoire.<\/p>\n","protected":false},"excerpt":{"rendered":"Pascal Riedig, pr\u00e9sident du groupe des jeunes au sein du groupe parlementaire de l&rsquo;Union chr\u00e9tienne-d\u00e9mocrate\/Union chr\u00e9tienne-sociale au Bundestag,&hellip;\n","protected":false},"author":2,"featured_media":340980,"comment_status":"","ping_status":"","sticky":false,"template":"","format":"standard","meta":{"footnotes":""},"categories":[1587],"tags":[11,45969,672,1804,4371,1805,1803,46177,1777,674,1801,7243,46192,12,1802],"class_list":{"0":"post-340979","1":"post","2":"type-post","3":"status-publish","4":"format-standard","5":"has-post-thumbnail","7":"category-allemagne","8":"tag-actualites","9":"tag-actualites-mondiales","10":"tag-allemagne","11":"tag-bundesrepublik-deutschland","12":"tag-communaute","13":"tag-de","14":"tag-deutschland","15":"tag-diversifie","16":"tag-eu","17":"tag-europe","18":"tag-germany","19":"tag-le-monde","20":"tag-les-principales-nouvelles","21":"tag-news","22":"tag-republique-federale-dallemagne"},"share_on_mastodon":{"url":"https:\/\/pubeurope.com\/@fr\/115084740832187591","error":""},"_links":{"self":[{"href":"https:\/\/www.europesays.com\/fr\/wp-json\/wp\/v2\/posts\/340979","targetHints":{"allow":["GET"]}}],"collection":[{"href":"https:\/\/www.europesays.com\/fr\/wp-json\/wp\/v2\/posts"}],"about":[{"href":"https:\/\/www.europesays.com\/fr\/wp-json\/wp\/v2\/types\/post"}],"author":[{"embeddable":true,"href":"https:\/\/www.europesays.com\/fr\/wp-json\/wp\/v2\/users\/2"}],"replies":[{"embeddable":true,"href":"https:\/\/www.europesays.com\/fr\/wp-json\/wp\/v2\/comments?post=340979"}],"version-history":[{"count":0,"href":"https:\/\/www.europesays.com\/fr\/wp-json\/wp\/v2\/posts\/340979\/revisions"}],"wp:featuredmedia":[{"embeddable":true,"href":"https:\/\/www.europesays.com\/fr\/wp-json\/wp\/v2\/media\/340980"}],"wp:attachment":[{"href":"https:\/\/www.europesays.com\/fr\/wp-json\/wp\/v2\/media?parent=340979"}],"wp:term":[{"taxonomy":"category","embeddable":true,"href":"https:\/\/www.europesays.com\/fr\/wp-json\/wp\/v2\/categories?post=340979"},{"taxonomy":"post_tag","embeddable":true,"href":"https:\/\/www.europesays.com\/fr\/wp-json\/wp\/v2\/tags?post=340979"}],"curies":[{"name":"wp","href":"https:\/\/api.w.org\/{rel}","templated":true}]}}