{"id":340983,"date":"2025-08-24T16:43:16","date_gmt":"2025-08-24T16:43:16","guid":{"rendered":"https:\/\/www.europesays.com\/fr\/340983\/"},"modified":"2025-08-24T16:43:16","modified_gmt":"2025-08-24T16:43:16","slug":"ce-que-change-la-nouvelle-loi-europeenne","status":"publish","type":"post","link":"https:\/\/www.europesays.com\/fr\/340983\/","title":{"rendered":"ce que change la nouvelle loi europ\u00e9enne"},"content":{"rendered":"<p>L\u2019Union europ\u00e9enne vient d\u2019approuver un cadre r\u00e9glementaire ambitieux pour encadrer l\u2019usage de l\u2019intelligence artificielle (IA), domaine en plein essor qui soul\u00e8ve plein de questions \u00e9thiques et juridiques. Ce r\u00e8glement, paru au <strong>Journal officiel de l\u2019Union europ\u00e9enne<\/strong> le <strong>12 juillet 2024<\/strong>, a pour but de garantir la s\u00e9curit\u00e9 des syst\u00e8mes d\u2019IA tout en respectant les droits fondamentaux des citoyens. Cette initiative rev\u00eat une grande importance pour permettre une adoption responsable et harmonieuse de l\u2019IA sur tout le continent.<\/p>\n<p>Les buts du r\u00e8glement (UE) 2024\/1689 et sa mise en application<\/p>\n<p>Adopt\u00e9 le <strong>13 juin 2024<\/strong>, le <strong>r\u00e8glement (UE) 2024\/1689<\/strong> fixe un ensemble de r\u00e8gles harmonis\u00e9es pour la commercialisation et l\u2019utilisation des syst\u00e8mes d\u2019IA. Il insiste sur la n\u00e9cessit\u00e9 de transparence et bannit certaines pratiques jug\u00e9es dangereuses. Ainsi, il proscrit notamment l\u2019usage de techniques subliminales destin\u00e9es \u00e0 modifier le comportement humain et l\u2019exploitation des faiblesses li\u00e9es \u00e0 l\u2019\u00e2ge ou au handicap. Pour les contrevenants, des amendes pouvant atteindre <strong>35 millions d\u2019euros<\/strong> ou <strong>7% du chiffre d\u2019affaires mondial<\/strong> sont pr\u00e9vues.<\/p>\n<p>Par ailleurs, en plus de fixer des r\u00e8gles strictes, ce cadre encourage l\u2019innovation \u2013 surtout pour les petites et moyennes entreprises (PME) \u2013 gr\u00e2ce aux \u00ab bacs \u00e0 sable r\u00e9glementaires \u00bb. Ces dispositifs permettent de tester de nouvelles id\u00e9es tout en renfor\u00e7ant la s\u00e9curit\u00e9 juridique et en facilitant l\u2019acc\u00e8s aux march\u00e9s. La mise en \u0153uvre compl\u00e8te du r\u00e8glement est pr\u00e9vue pour le <strong>2 ao\u00fbt 2026<\/strong>.<\/p>\n<p>Comprendre et cat\u00e9goriser les syst\u00e8mes d\u2019IA<\/p>\n<p>Pour offrir une s\u00e9curit\u00e9 juridique renforc\u00e9e et favoriser une convergence internationale, le r\u00e8glement propose une d\u00e9finition pr\u00e9cise du \u00ab\u00a0syst\u00e8me d\u2019IA\u00a0\u00bb. Ces syst\u00e8mes, qui peuvent fonctionner \u00e0 diff\u00e9rents niveaux d\u2019autonomie, reposent sur diverses techniques d\u2019inf\u00e9rence comme l\u2019apprentissage automatique ou des approches fond\u00e9es sur la logique. Gr\u00e2ce \u00e0 cette capacit\u00e9 d\u2019inf\u00e9rence, ils peuvent g\u00e9n\u00e9rer des sorties qui influencent leur environnement, qu\u2019il soit physique ou virtuel.<\/p>\n<p>Une cat\u00e9gorie particuli\u00e8re est celle des mod\u00e8les d\u2019IA \u00e0 usage g\u00e9n\u00e9ral (GPAI). Ces mod\u00e8les polyvalents, tels que GPT d\u2019OpenAI ou Claude de Mistral, peuvent \u00eatre utilis\u00e9s pour de multiples applications. Les r\u00e8gles concernant les GPAI entreront en vigueur d\u00e8s le <strong>2 ao\u00fbt 2025<\/strong>, ce qui montre que l\u2019Europe souhaite rester \u00e0 la pointe de la technologie tout en restant vigilante sur le plan \u00e9thique.<\/p>\n<p>Pratiques interdites et contr\u00f4le des autorit\u00e9s<\/p>\n<p>Pour prot\u00e9ger les citoyens europ\u00e9ens, le r\u00e8glement dresse une liste de pratiques non admises. Outre les techniques subliminales d\u00e9j\u00e0 \u00e9voqu\u00e9es, il bannit le classement des personnes sur la base de leur comportement social ainsi que les <a href=\"https:\/\/www.juriguide.com\/2025\/04\/26\/meta-sattaque-a-notre-vie-privee-voici-comment-ne-pas-se-faire-avoir\/\" rel=\"noopener noreferrer nofollow\" target=\"_blank\">\u00e9valuations de risques criminels fond\u00e9es uniquement sur le profilage<\/a>. La constitution de bases de donn\u00e9es non cibl\u00e9es pour la reconnaissance faciale est aussi interdite.<\/p>\n<p>En France, trois autorit\u00e9s assurent le suivi et le respect de ces r\u00e8gles :<\/p>\n<ul>\n<li>la <strong>Direction g\u00e9n\u00e9rale de la concurrence, de la consommation et de la r\u00e9pression des fraudes (DGCCRF)<\/strong>,<\/li>\n<li>la <strong>Commission nationale de l\u2019informatique et des libert\u00e9s (CNIL)<\/strong>,<\/li>\n<li>et le <strong>D\u00e9fenseur des droits<\/strong>.<\/li>\n<\/ul>\n<p>Ces institutions jouent un r\u00f4le central dans l\u2019application de ce cadre r\u00e9glementaire europ\u00e9en.<\/p>\n<p>La vision de l\u2019Union europ\u00e9enne sur l\u2019IA<\/p>\n<p>Depuis <strong>2017<\/strong>, avec la premi\u00e8re prise de position du Conseil europ\u00e9en, jusqu\u2019au livre blanc publi\u00e9 par la Commission en <strong>2020<\/strong>, l\u2019Union europ\u00e9enne montre son engagement pour une IA qui respecte les droits humains. En avril <strong>2021<\/strong>, elle a propos\u00e9 un cadre r\u00e9glementaire complet qui s\u2019inscrit dans cette dynamique.<\/p>\n<p>De plus, m\u00eame si elle est distincte du r\u00e8glement europ\u00e9en, la convention-cadre adopt\u00e9e par le Conseil de l\u2019Europe le <strong>17 mai 2024<\/strong> vise aussi \u00e0 garantir une IA respectueuse des droits fondamentaux dans une perspective internationale. Ce trait\u00e9 juridiquement engageant concerne non seulement les \u00c9tats membres de l\u2019UE, mais aussi onze \u00c9tats non membres.<\/p>\n<p>La mise en place de ce cadre juridique solide pour l\u2019intelligence artificielle d\u00e9montre bien la volont\u00e9 de l\u2019Union europ\u00e9enne de promouvoir une technologie qui place l\u2019humain au centre et de dynamiser l\u2019innovation \u00e9conomique. Alors que notre soci\u00e9t\u00e9 devient de plus en plus num\u00e9rique, il est important que chacun comprenne ces enjeux pour b\u00e2tir un avenir o\u00f9 technologie rime avec \u00e9thique et responsabilit\u00e9.<\/p>\n","protected":false},"excerpt":{"rendered":"L\u2019Union europ\u00e9enne vient d\u2019approuver un cadre r\u00e9glementaire ambitieux pour encadrer l\u2019usage de l\u2019intelligence artificielle (IA), domaine en plein&hellip;\n","protected":false},"author":2,"featured_media":340984,"comment_status":"","ping_status":"","sticky":false,"template":"","format":"standard","meta":{"footnotes":""},"categories":[1586],"tags":[11,1777,674,1779,1011,27,12,25,1778,364],"class_list":{"0":"post-340983","1":"post","2":"type-post","3":"status-publish","4":"format-standard","5":"has-post-thumbnail","7":"category-europe","8":"tag-actualites","9":"tag-eu","10":"tag-europe","11":"tag-european-union","12":"tag-fr","13":"tag-france","14":"tag-news","15":"tag-republique-francaise","16":"tag-ue","17":"tag-union-europeenne"},"share_on_mastodon":{"url":"https:\/\/pubeurope.com\/@fr\/115084748678525327","error":""},"_links":{"self":[{"href":"https:\/\/www.europesays.com\/fr\/wp-json\/wp\/v2\/posts\/340983","targetHints":{"allow":["GET"]}}],"collection":[{"href":"https:\/\/www.europesays.com\/fr\/wp-json\/wp\/v2\/posts"}],"about":[{"href":"https:\/\/www.europesays.com\/fr\/wp-json\/wp\/v2\/types\/post"}],"author":[{"embeddable":true,"href":"https:\/\/www.europesays.com\/fr\/wp-json\/wp\/v2\/users\/2"}],"replies":[{"embeddable":true,"href":"https:\/\/www.europesays.com\/fr\/wp-json\/wp\/v2\/comments?post=340983"}],"version-history":[{"count":0,"href":"https:\/\/www.europesays.com\/fr\/wp-json\/wp\/v2\/posts\/340983\/revisions"}],"wp:featuredmedia":[{"embeddable":true,"href":"https:\/\/www.europesays.com\/fr\/wp-json\/wp\/v2\/media\/340984"}],"wp:attachment":[{"href":"https:\/\/www.europesays.com\/fr\/wp-json\/wp\/v2\/media?parent=340983"}],"wp:term":[{"taxonomy":"category","embeddable":true,"href":"https:\/\/www.europesays.com\/fr\/wp-json\/wp\/v2\/categories?post=340983"},{"taxonomy":"post_tag","embeddable":true,"href":"https:\/\/www.europesays.com\/fr\/wp-json\/wp\/v2\/tags?post=340983"}],"curies":[{"name":"wp","href":"https:\/\/api.w.org\/{rel}","templated":true}]}}