{"id":340988,"date":"2025-08-24T16:46:15","date_gmt":"2025-08-24T16:46:15","guid":{"rendered":"https:\/\/www.europesays.com\/fr\/340988\/"},"modified":"2025-08-24T16:46:15","modified_gmt":"2025-08-24T16:46:15","slug":"lamienois-gregory-labbe-devient-champion-de-france-de-parachute-handifly","status":"publish","type":"post","link":"https:\/\/www.europesays.com\/fr\/340988\/","title":{"rendered":"L\u2019Ami\u00e9nois Gregory Labbe devient champion de France de parachute Handifly"},"content":{"rendered":"<p>            Par<br \/>\n        <strong><br \/>\n            <a href=\"https:\/\/actu.fr\/auteur\/redaction-abbeville\" title=\"Consulter tous les articles de R\u00e9daction Le Journal d&#039;Abbeville\" rel=\"nofollow noopener\" target=\"_blank\">R\u00e9daction Le Journal d&rsquo;Abbeville<\/a><br \/>\n        <\/strong><\/p>\n<p>        Publi\u00e9 le<\/p>\n<p>            24 ao\u00fbt 2025 \u00e0 18h30        <\/p>\n<p data-end=\"563\">Il a tutoy\u00e9 les nuages\u2026 et d\u00e9croch\u00e9 l\u2019or. Gregory Labbe, originaire d\u2019<a href=\"https:\/\/actu.fr\/hauts-de-france\/amiens_80021\" rel=\"nofollow noopener\" target=\"_blank\">Amiens<\/a> (Somme), vient de remporter le Championnat de France Handifly 2025, organis\u00e9 les 17 et 18 juillet \u00e0 Corbas (Rh\u00f4ne).<\/p>\n<p>Une discipline qui change les regards<\/p>\n<p data-end=\"563\" class=\" wall-content\">Sous les couleurs de l\u2019\u00c9cole Fran\u00e7aise de Parachutisme Lille Bondues (59), l\u2019athl\u00e8te samarien a brill\u00e9 avec son \u00e9quipe Max Handi Skydive, compos\u00e9e de Maxime Granier, Jeremy Raynal et du vid\u00e9oman Gabriel Eberhardt.<\/p>\n<p data-end=\"761\" class=\" wall-content\">En vol outdoor, la pr\u00e9cision des trajectoires, la ma\u00eetrise technique et l\u2019audace ont fait la diff\u00e9rence. L\u2019\u00e9quipe a ainsi d\u00e9croch\u00e9 la m\u00e9daille d\u2019or au terme de deux jours de comp\u00e9tition intense.<\/p>\n<p data-end=\"1150\" class=\" wall-content\">Le handifly, discipline encore jeune mais en plein essor, permet \u00e0 des personnes en situation de handicap de go\u00fbter aux sensations uniques du parachutisme et du vol en soufflerie.<\/p>\n<p data-end=\"1150\" class=\" wall-content\">En indoor, les fauteuils restent \u00e0 l\u2019entr\u00e9e de la veine d\u2019air\u2009: une fois dans le flux, les comp\u00e9titeurs \u00e9voluent en totale autonomie. Un vrai souffle de libert\u00e9.<\/p>\n<p>Vid\u00e9os : en ce moment sur ActuLa France, pionni\u00e8re mondiale<\/p>\n<p data-end=\"1549\" class=\" wall-content\">Depuis plus de dix ans, la F\u00e9d\u00e9ration Fran\u00e7aise de Parachutisme (FFP) \u0153uvre pour l\u2019accessibilit\u00e9 de ce sport.<\/p>\n<p data-end=\"1549\" class=\" wall-content\">Un engagement qui a conduit la F\u00e9d\u00e9ration A\u00e9ronautique Internationale \u00e0 reconna\u00eetre officiellement la discipline sous le nom de Indoor Para Skydiving.<\/p>\n<p>Votre r\u00e9gion, votre actu !<\/p>\n<p>Recevez chaque jour les infos qui comptent pour vous.<\/p>\n<p>\t<a href=\"https:\/\/actu.fr\/newsletter\" class=\"ac-btn ac-btn--corner ac-btn--medium ac-btn--blue800\" rel=\"nofollow noopener\" target=\"_blank\">S&rsquo;incrire<\/a><\/p>\n<p data-end=\"1549\" class=\" wall-content\">Une cons\u00e9cration mondiale dont Gregory Labbe est d\u00e9sormais l\u2019un des plus beaux ambassadeurs.<\/p>\n<p data-end=\"1716\" class=\" wall-content\">Avec ce titre de champion de France, le Samarian incarne une nouvelle g\u00e9n\u00e9ration de handiflyers, d\u00e9termin\u00e9e \u00e0 repousser toujours plus loin les limites du possible.<\/p>\n<p>Plus de renseignements sur www.ffp.asso.fr.<\/p>\n<p class=\" wall-content\">Personnalisez votre actualit\u00e9 en ajoutant vos villes et m\u00e9dias en favori avec <a href=\"https:\/\/moncompte.actu.fr\" title=\"D\u00e9couvez Mon Actu\" rel=\"nofollow noopener\" data-trk=\"{&quot;cta&quot;:{&quot;action&quot;:&quot;https:\\\/\\\/moncompte.actu.fr&quot;,&quot;category&quot;:&quot;mon compte&quot;,&quot;from&quot;:&quot;article footer&quot;,&quot;name&quot;:&quot;Mon actu&quot;,&quot;type&quot;:&quot;cta&quot;}}\" target=\"_blank\">Mon Actu<\/a>.<\/p>\n","protected":false},"excerpt":{"rendered":"Par R\u00e9daction Le Journal d&rsquo;Abbeville Publi\u00e9 le 24 ao\u00fbt 2025 \u00e0 18h30 Il a tutoy\u00e9 les nuages\u2026 et&hellip;\n","protected":false},"author":2,"featured_media":340989,"comment_status":"","ping_status":"","sticky":false,"template":"","format":"standard","meta":{"footnotes":""},"categories":[4],"tags":[11,1011,27,12,25,60],"class_list":{"0":"post-340988","1":"post","2":"type-post","3":"status-publish","4":"format-standard","5":"has-post-thumbnail","7":"category-france","8":"tag-actualites","9":"tag-fr","10":"tag-france","11":"tag-news","12":"tag-republique-francaise","13":"tag-sports"},"share_on_mastodon":{"url":"https:\/\/pubeurope.com\/@fr\/115084761024877145","error":""},"_links":{"self":[{"href":"https:\/\/www.europesays.com\/fr\/wp-json\/wp\/v2\/posts\/340988","targetHints":{"allow":["GET"]}}],"collection":[{"href":"https:\/\/www.europesays.com\/fr\/wp-json\/wp\/v2\/posts"}],"about":[{"href":"https:\/\/www.europesays.com\/fr\/wp-json\/wp\/v2\/types\/post"}],"author":[{"embeddable":true,"href":"https:\/\/www.europesays.com\/fr\/wp-json\/wp\/v2\/users\/2"}],"replies":[{"embeddable":true,"href":"https:\/\/www.europesays.com\/fr\/wp-json\/wp\/v2\/comments?post=340988"}],"version-history":[{"count":0,"href":"https:\/\/www.europesays.com\/fr\/wp-json\/wp\/v2\/posts\/340988\/revisions"}],"wp:featuredmedia":[{"embeddable":true,"href":"https:\/\/www.europesays.com\/fr\/wp-json\/wp\/v2\/media\/340989"}],"wp:attachment":[{"href":"https:\/\/www.europesays.com\/fr\/wp-json\/wp\/v2\/media?parent=340988"}],"wp:term":[{"taxonomy":"category","embeddable":true,"href":"https:\/\/www.europesays.com\/fr\/wp-json\/wp\/v2\/categories?post=340988"},{"taxonomy":"post_tag","embeddable":true,"href":"https:\/\/www.europesays.com\/fr\/wp-json\/wp\/v2\/tags?post=340988"}],"curies":[{"name":"wp","href":"https:\/\/api.w.org\/{rel}","templated":true}]}}