{"id":340994,"date":"2025-08-24T16:49:10","date_gmt":"2025-08-24T16:49:10","guid":{"rendered":"https:\/\/www.europesays.com\/fr\/340994\/"},"modified":"2025-08-24T16:49:10","modified_gmt":"2025-08-24T16:49:10","slug":"faits-divers-le-pilier-international-sud-africain-asenathi-ntlabakanye-controle-positif-a-une-substance-interdite","status":"publish","type":"post","link":"https:\/\/www.europesays.com\/fr\/340994\/","title":{"rendered":"Faits divers \u2013 Le pilier international sud-africain, Asenathi Ntlabakanye, contr\u00f4l\u00e9 positif \u00e0 une substance interdite"},"content":{"rendered":"<p>\n                Ce dimanche, la f\u00e9d\u00e9ration sud-africaine a communiqu\u00e9 pour annoncer le contr\u00f4le positif \u00e0 une substance interdite du pilier droit international Asenathi Ntlabakanye (26 ans). Ce dernier compte 2 s\u00e9lections avec les Springboks. Il \u00e9tait rempla\u00e7ant le 16\u00a0ao\u00fbt dernier lors de la d\u00e9faite des doubles champions du monde contre l\u2019Australie.\n            <\/p>\n<p>Voil\u00e0 une nouvelle dont le rugby sud-africain se serait bien pass\u00e9. Ce dimanche, la F\u00e9d\u00e9ration a communiqu\u00e9 pour annoncer le contr\u00f4le positif \u00e0 une substance interdite du pilier droit Asenathi Ntlabakanye. Ce dernier, \u00e2g\u00e9\u00a0de 26 ans, a fourni \u00ab\u00a0un r\u00e9sultat d\u2019analyse anormal\u00a0\u00bb \u00e0 l\u2019Institut sud-africain pour un sport sans dopage (SAIDS) apr\u00e8s un contr\u00f4le inopin\u00e9.<\/p>\n<p>Toujours dans le communiqu\u00e9, il est pr\u00e9cis\u00e9 que cette substance n\u2019est pas \u00ab\u00a0destin\u00e9e \u00e0 am\u00e9liorer la performance\u00a0\u00bb. Elle aurait \u00e9t\u00e9\u00a0\u00ab\u00a0prescrite par un m\u00e9decin sp\u00e9cialiste au d\u00e9but de l\u2019ann\u00e9e 2025 pour des raisons m\u00e9dicales et prise avec l\u2019accord et sous la supervision d\u2019un m\u00e9decin sp\u00e9cifiquement charg\u00e9 de g\u00e9rer les affaires m\u00e9dicales des joueurs professionnels de rugby.\u00a0\u00bb\u00a0Sa Rugby a \u00e9galement d\u00e9clar\u00e9 que \u00ab\u00a0Ntlabakanye conteste avoir commis une violation des r\u00e8gles antidopage.\u00a0\u00bb<\/p>\n<p>Le joueur pas retenu pour les rencontres en Nouvelle-Z\u00e9lande<\/p>\n<p>Fort de ses 140 kilos, le droitier springbok a empil\u00e9 les bonnes performances ces derniers mois avec les Lions de Johannesbourg. Un niveau qui lui a ouvert les portes de la s\u00e9lection cet \u00e9t\u00e9. Apr\u00e8s avoir fait ses d\u00e9buts avec les Boks contre l\u2019Italie le 18\u00a0juillet dernier, Ntlanakanye \u00e9tait rempla\u00e7ant lors de la d\u00e9faite des champions\u00a0du monde en titre face \u00e0 l\u2019Australie le 16\u00a0ao\u00fbt dernier. Il compte aujourd\u2019hui deux s\u00e9lections.<\/p>\n<p>Les Springboks ont annonc\u00e9 que le joueur de 26 ans n\u2019\u00e9tait pas retenu pour le voyage en Nouvelle-Z\u00e9lande afin de poursuivre le Rugby Championship. Eben Etzebeth et les siens d\u00e9fieront les All Blacks les 6 et 13\u00a0septembre prochains.<\/p>\n","protected":false},"excerpt":{"rendered":"Ce dimanche, la f\u00e9d\u00e9ration sud-africaine a communiqu\u00e9 pour annoncer le contr\u00f4le positif \u00e0 une substance interdite du pilier&hellip;\n","protected":false},"author":2,"featured_media":340995,"comment_status":"","ping_status":"","sticky":false,"template":"","format":"standard","meta":{"footnotes":""},"categories":[1416],"tags":[1011,27,479,1468,60],"class_list":{"0":"post-340994","1":"post","2":"type-post","3":"status-publish","4":"format-standard","5":"has-post-thumbnail","7":"category-rugby","8":"tag-fr","9":"tag-france","10":"tag-rugby","11":"tag-rugby-football","12":"tag-sports"},"share_on_mastodon":{"url":"https:\/\/pubeurope.com\/@fr\/115084772281639726","error":""},"_links":{"self":[{"href":"https:\/\/www.europesays.com\/fr\/wp-json\/wp\/v2\/posts\/340994","targetHints":{"allow":["GET"]}}],"collection":[{"href":"https:\/\/www.europesays.com\/fr\/wp-json\/wp\/v2\/posts"}],"about":[{"href":"https:\/\/www.europesays.com\/fr\/wp-json\/wp\/v2\/types\/post"}],"author":[{"embeddable":true,"href":"https:\/\/www.europesays.com\/fr\/wp-json\/wp\/v2\/users\/2"}],"replies":[{"embeddable":true,"href":"https:\/\/www.europesays.com\/fr\/wp-json\/wp\/v2\/comments?post=340994"}],"version-history":[{"count":0,"href":"https:\/\/www.europesays.com\/fr\/wp-json\/wp\/v2\/posts\/340994\/revisions"}],"wp:featuredmedia":[{"embeddable":true,"href":"https:\/\/www.europesays.com\/fr\/wp-json\/wp\/v2\/media\/340995"}],"wp:attachment":[{"href":"https:\/\/www.europesays.com\/fr\/wp-json\/wp\/v2\/media?parent=340994"}],"wp:term":[{"taxonomy":"category","embeddable":true,"href":"https:\/\/www.europesays.com\/fr\/wp-json\/wp\/v2\/categories?post=340994"},{"taxonomy":"post_tag","embeddable":true,"href":"https:\/\/www.europesays.com\/fr\/wp-json\/wp\/v2\/tags?post=340994"}],"curies":[{"name":"wp","href":"https:\/\/api.w.org\/{rel}","templated":true}]}}