{"id":340996,"date":"2025-08-24T16:50:14","date_gmt":"2025-08-24T16:50:14","guid":{"rendered":"https:\/\/www.europesays.com\/fr\/340996\/"},"modified":"2025-08-24T16:50:14","modified_gmt":"2025-08-24T16:50:14","slug":"us-open-sinner-a-une-nouvelle-passion-quand-on-est-tennisman-ou-athlete-on-a-tellement-de-pensees-dans-la-tete-et-aussi-de-pression-tout-le-temps-et-donc-le-soir-jaime-ca","status":"publish","type":"post","link":"https:\/\/www.europesays.com\/fr\/340996\/","title":{"rendered":"US Open > Sinner a une nouvelle passion : \u00ab\u00a0Quand on est tennisman ou athl\u00e8te, on a tellement de pens\u00e9es dans la t\u00eate, et aussi de pression. Tout le temps. Et donc le soir, j&rsquo;aime \u00e7a\u2026\u00a0\u00bb"},"content":{"rendered":"<p>Ce n\u2019est pas un secret, Jannik Sinner est un fan de sports auto\u00admo\u00adbile. <a href=\"https:\/\/www.welovetennis.fr\/us-open\/sinner-sur-ce-quil-fera-apres-le-tennis-jai-un-reve\" data-wpel-link=\"internal\" target=\"_blank\" rel=\"noopener\">Le num\u00e9ro un mondial a r\u00e9cem\u00adment annonc\u00e9 son envie de se tester dans ces disci\u00adplines m\u00e9ca\u00adniques<\/a>, une fois la page tennis tourn\u00e9e.<\/p>\n<p>Dans un entre\u00adtien accord\u00e9 au <a href=\"https:\/\/www.corriere.it\/sport\/tennis\/25_agosto_24\/jannik-sinner-intervista-ff709acd-bae5-4d01-aef5-61af1fed9xlk.shtml?refresh_ce\" data-wpel-link=\"external\" target=\"_blank\" rel=\"nofollow external noopener\">Corriere della Sera<\/a>, le quadruple cham\u00adpion en Grand Chelem, en a dit un peu plus sur ses centres d\u2019in\u00adt\u00e9r\u00eat en dehors des courts. L\u2019Italien semble appr\u00e9ci\u00e9 le fameux jeu de construc\u00adtion Lego, un bon moyen pour lui de faire un pas de c\u00f4t\u00e9 avec la petite balle\u00a0jaune.<\/p>\n<p><strong>\u00ab\u202fJe suis devenu passionn\u00e9 par les Lego, \u00e9nor\u00adm\u00e9\u00adment. Le soir, par exemple, je construis avec des Lego. Ici, \u00e0 New York, je sais que j\u2019ai un peu plus de temps et il y a un magasin Lego tout pr\u00e8s de mon h\u00f4tel. Je m\u2019y suis donc rendu et j\u2019ai achet\u00e9 une Porsche. Je l\u2019ai termin\u00e9e en une journ\u00e9e, en cinq heures. Je me suis alors dit\u00a0: j\u2019en ai besoin d\u2019une plus grande. Mon instinct me dit que la derni\u00e8re que j\u2019ai achet\u00e9e est trop grande\u2026 Mais je l\u2019aime bien. Je mets de la musique et je pense \u00e0 autre chose. Quand on est tennisman ou athl\u00e8te, on a telle\u00adment de pens\u00e9es dans la t\u00eate, et aussi de pres\u00adsion. Tout le temps. Et donc le soir, j\u2019aime \u00e7a\u2026\u00a0\u00bb.<\/strong><\/p>\n<p class=\"post-published-date\" style=\"color: silver; font-size: 75%; text-align: left;\">Publi\u00e9 le dimanche 24 ao\u00fbt 2025 \u00e0 18:10<\/p>\n","protected":false},"excerpt":{"rendered":"Ce n\u2019est pas un secret, Jannik Sinner est un fan de sports auto\u00admo\u00adbile. Le num\u00e9ro un mondial a&hellip;\n","protected":false},"author":2,"featured_media":340997,"comment_status":"","ping_status":"","sticky":false,"template":"","format":"standard","meta":{"footnotes":""},"categories":[1415],"tags":[1011,27,2127,60,1467],"class_list":{"0":"post-340996","1":"post","2":"type-post","3":"status-publish","4":"format-standard","5":"has-post-thumbnail","7":"category-tennis","8":"tag-fr","9":"tag-france","10":"tag-sinner","11":"tag-sports","12":"tag-tennis"},"share_on_mastodon":{"url":"https:\/\/pubeurope.com\/@fr\/115084776111607487","error":""},"_links":{"self":[{"href":"https:\/\/www.europesays.com\/fr\/wp-json\/wp\/v2\/posts\/340996","targetHints":{"allow":["GET"]}}],"collection":[{"href":"https:\/\/www.europesays.com\/fr\/wp-json\/wp\/v2\/posts"}],"about":[{"href":"https:\/\/www.europesays.com\/fr\/wp-json\/wp\/v2\/types\/post"}],"author":[{"embeddable":true,"href":"https:\/\/www.europesays.com\/fr\/wp-json\/wp\/v2\/users\/2"}],"replies":[{"embeddable":true,"href":"https:\/\/www.europesays.com\/fr\/wp-json\/wp\/v2\/comments?post=340996"}],"version-history":[{"count":0,"href":"https:\/\/www.europesays.com\/fr\/wp-json\/wp\/v2\/posts\/340996\/revisions"}],"wp:featuredmedia":[{"embeddable":true,"href":"https:\/\/www.europesays.com\/fr\/wp-json\/wp\/v2\/media\/340997"}],"wp:attachment":[{"href":"https:\/\/www.europesays.com\/fr\/wp-json\/wp\/v2\/media?parent=340996"}],"wp:term":[{"taxonomy":"category","embeddable":true,"href":"https:\/\/www.europesays.com\/fr\/wp-json\/wp\/v2\/categories?post=340996"},{"taxonomy":"post_tag","embeddable":true,"href":"https:\/\/www.europesays.com\/fr\/wp-json\/wp\/v2\/tags?post=340996"}],"curies":[{"name":"wp","href":"https:\/\/api.w.org\/{rel}","templated":true}]}}