{"id":341000,"date":"2025-08-24T16:53:12","date_gmt":"2025-08-24T16:53:12","guid":{"rendered":"https:\/\/www.europesays.com\/fr\/341000\/"},"modified":"2025-08-24T16:53:12","modified_gmt":"2025-08-24T16:53:12","slug":"en-direct-grece-france-les-bleus-defient-antetokounmpo-avant-leurobasket-le-figaro","status":"publish","type":"post","link":"https:\/\/www.europesays.com\/fr\/341000\/","title":{"rendered":"EN DIRECT \u2013 Gr\u00e8ce-France : les Bleus d\u00e9fient Antetokounmpo avant l&#039;EuroBasket &#8211; Le Figaro"},"content":{"rendered":"<ol>\n<li><a href=\"https:\/\/news.google.com\/rss\/articles\/CBMivAFBVV95cUxOMkx3ZFZkbVBZM1htaFNSVlo4SmtxclZZZjFxM29qNTlQR3NvTTFnZnNLblJaMVNPbE01aHU3a2d4QUZYYmlEd1lWMERnb1JFMWhRWlMyRUpiYWRoWHZOY0ZGU2tlQU40RjRaNTZEZzVHaV9FcndVOWROZms0aWxhWmpXMU5sYjlna2NCNjR3NlQ2VjZESGtFdlRQRG9CZDMyMjduRkthZ1NlRVM5UXFjMFM3SGx3WmRqcnBKOQ?oc=5\" target=\"_blank\" rel=\"noopener\">EN DIRECT \u2013 Gr\u00e8ce-France : les Bleus d\u00e9fient Antetokounmpo avant l&rsquo;EuroBasket<\/a>&nbsp;&nbsp;Le Figaro<\/li>\n<li><a href=\"https:\/\/news.google.com\/rss\/articles\/CBMizAFBVV95cUxOemwydXZ0MTVXLW5WX3JrekI1MmJoZjJsOG10SGpKXzQxaTFBQkpoZjNRN2drYUxEQXhxNTFIY01YVlBwa0JhRm9uYXBxakVrS3BGc3BBcFNWSi1JeVBvSVF0RVM4c016TTBiY2xsdDNqYkVVVzhfVFFWTEVFZmlkdUV6SHdXZWU1b0FVM2JJRnlieTFpMGRDMjdETTc0LXFyMFRLUHJTejJpeGtqUmlqdmxOMnpHdDlxT2VlNHRuLUJvZWVwSm1aUUs2OV8?oc=5\" target=\"_blank\" rel=\"noopener\">Les Bleus au d\u00e9fi de la Gr\u00e8ce de la star Giannis Antetokounmpo en pr\u00e9paration de l&rsquo;Euro<\/a>&nbsp;&nbsp;L&rsquo;\u00c9quipe<\/li>\n<li><a href=\"https:\/\/news.google.com\/rss\/articles\/CBMivwFBVV95cUxNa0dDalFhaDZSZkNIbVFGbVlZWGFSQXJPbVJmWU03MlZ5eXV4RGJpTU9pN0lCTnd3ZWlLaUF1WTc2OWcxQ1hIMU9Id3hsZGFqcTdmbmRMOWVuWUpJS1JZQ09TOEtoRnQwaEQ5WlloRVFVRGNNSk5YZV9VcTRsdkZYbDZRYWRuVkUxVE1aY2lVNHRuTmdSWElzcmJXOXZIMnVxQjV1VkFGaDFjb0xfbG9fR0RZb29uMnU5ZFotaUJ3d9IBvgFBVV95cUxQQnE4aDZCS0Z4THFITndBbXpORi1HOEZXZDB1azhsc0VMenhhUWUzdlhoaWFQUGsxUi03aDVINFF4cHEzQkg2VFU1MmVRdU9ZeWI3bmtsaGFRc3JtalBtMWpsMnNZYkhSdWpaM1BSNHV1Rzcwd0ZYN3p6T2llNDFOQktxdWhlZ0ZNMVFUYmVOVDBrLUlVSGRZeGJfdkR4R3pUNmpmUzFZUVRGUEhfOExnb2F0RDJRX1FwcU5oZzJ3?oc=5\" target=\"_blank\" rel=\"noopener\">Bleus : Bless\u00e9, Strazel sera absent face \u00e0 la Gr\u00e8ce<\/a>&nbsp;&nbsp;Orange Actualit\u00e9s | Sports<\/li>\n<li><a href=\"https:\/\/news.google.com\/rss\/articles\/CBMihAJBVV95cUxPeXdhUkdadElHVXRZVEVWNkhlSUVOYWthOU9OSGE1aGt1TnVYQUp2OG5WeXBqSzNMaW80Tk5IenY0dHgyaVZpQ3Joc2RSZFQ1NlVCMlZKcWNjX2FfTEwydUdYbnAwV1hZSmZ1RGtlRnZFQzdfcWZ6LWpNaW42UXI3NnM5R2Q0VnF0R21MSDRqZlBIYnhYdEt4cDJuTE8weWxFcjl6MGMzMlN3V2hDVlNsQ29vS1llcEdRS3FRVG1uWVBWTHdHUFJzYm1YUW55TTEyN1FZSUd3QzRJVk9GWnhDalo4UjRKOWtLbWl2QVphT0hNUkpKUVliWGFzb0xpallua0JMbg?oc=5\" target=\"_blank\" rel=\"noopener\">DIRECT. Gr\u00e8ce &#8211; France : suivez le dernier match de pr\u00e9paration des Bleus avant l\u2019EuroBasket 2025<\/a>&nbsp;&nbsp;Ouest-France<\/li>\n<li><a href=\"https:\/\/news.google.com\/rss\/articles\/CBMilgFBVV95cUxNdjVIUUN5ZTg3cGhUcUlVa2NOd2wyam5mWTFmMEp5SUhXQ084NWNUSnhZb1VURF9MWHo2NG9XQmdnZjJEdXFsUjM4RUlnaUxPR3RPclVZNmFXUEZvYVR3WDBnblV3UFNEZklkVDZETS1lMG1namMzd0g0ek5vYmpwMXVXY29SYzVsdGZ5ZjF4YlE5ZWJSY1E?oc=5\" target=\"_blank\" rel=\"noopener\">Voir ce dimanche Gr\u00e8ce-France en direct sur La Cha\u00eene L&rsquo;Equipe<\/a>&nbsp;&nbsp;BasketEurope.com<\/li>\n<\/ol>\n","protected":false},"excerpt":{"rendered":"EN DIRECT \u2013 Gr\u00e8ce-France : les Bleus d\u00e9fient Antetokounmpo avant l&rsquo;EuroBasket&nbsp;&nbsp;Le Figaro Les Bleus au d\u00e9fi de la&hellip;\n","protected":false},"author":2,"featured_media":341001,"comment_status":"","ping_status":"","sticky":false,"template":"","format":"standard","meta":{"footnotes":""},"categories":[1412],"tags":[2190,1465,1464,2180,2192,814,64,450,2183,1451,1452,1453,1454,1455,1011,27,47725,2191,2193,820,2181,2182,2189,2186,2184,2185,1980,60,2188,2187],"class_list":{"0":"post-341000","1":"post","2":"type-post","3":"status-publish","4":"format-standard","5":"has-post-thumbnail","7":"category-f1","8":"tag-asvel","9":"tag-basket","10":"tag-basketball","11":"tag-championnats-deurope","12":"tag-cholet","13":"tag-direct","14":"tag-equipe-de-france","15":"tag-euro","16":"tag-euroligue","17":"tag-f1","18":"tag-formula-1","19":"tag-formula1","20":"tag-formule-1","21":"tag-formule1","22":"tag-fr","23":"tag-france","24":"tag-giannis-antetokounmpo","25":"tag-le-mans","26":"tag-limoges","27":"tag-live","28":"tag-mondial","29":"tag-nba","30":"tag-photos","31":"tag-play-offs","32":"tag-pro-a","33":"tag-pro-b","34":"tag-resultats","35":"tag-sports","36":"tag-statistiques","37":"tag-stats"},"share_on_mastodon":{"url":"https:\/\/pubeurope.com\/@fr\/115084787931387833","error":""},"_links":{"self":[{"href":"https:\/\/www.europesays.com\/fr\/wp-json\/wp\/v2\/posts\/341000","targetHints":{"allow":["GET"]}}],"collection":[{"href":"https:\/\/www.europesays.com\/fr\/wp-json\/wp\/v2\/posts"}],"about":[{"href":"https:\/\/www.europesays.com\/fr\/wp-json\/wp\/v2\/types\/post"}],"author":[{"embeddable":true,"href":"https:\/\/www.europesays.com\/fr\/wp-json\/wp\/v2\/users\/2"}],"replies":[{"embeddable":true,"href":"https:\/\/www.europesays.com\/fr\/wp-json\/wp\/v2\/comments?post=341000"}],"version-history":[{"count":0,"href":"https:\/\/www.europesays.com\/fr\/wp-json\/wp\/v2\/posts\/341000\/revisions"}],"wp:featuredmedia":[{"embeddable":true,"href":"https:\/\/www.europesays.com\/fr\/wp-json\/wp\/v2\/media\/341001"}],"wp:attachment":[{"href":"https:\/\/www.europesays.com\/fr\/wp-json\/wp\/v2\/media?parent=341000"}],"wp:term":[{"taxonomy":"category","embeddable":true,"href":"https:\/\/www.europesays.com\/fr\/wp-json\/wp\/v2\/categories?post=341000"},{"taxonomy":"post_tag","embeddable":true,"href":"https:\/\/www.europesays.com\/fr\/wp-json\/wp\/v2\/tags?post=341000"}],"curies":[{"name":"wp","href":"https:\/\/api.w.org\/{rel}","templated":true}]}}