{"id":341004,"date":"2025-08-24T16:55:09","date_gmt":"2025-08-24T16:55:09","guid":{"rendered":"https:\/\/www.europesays.com\/fr\/341004\/"},"modified":"2025-08-24T16:55:09","modified_gmt":"2025-08-24T16:55:09","slug":"valentin-rongier-analyse-la-lourde-defaite-du-stade-rennais-contre-lorient","status":"publish","type":"post","link":"https:\/\/www.europesays.com\/fr\/341004\/","title":{"rendered":"Valentin Rongier analyse la lourde d\u00e9faite du Stade Rennais contre Lorient"},"content":{"rendered":"<p>Au Stade du Moustoir, <a href=\"https:\/\/www.footmercato.net\/club\/stade-rennais-fc\/\" rel=\"nofollow noopener\" target=\"_blank\">Rennes<\/a> a sombr\u00e9 ce dimanche 24 ao\u00fbt face \u00e0 <a href=\"https:\/\/www.footmercato.net\/club\/fc-lorient\/\" rel=\"nofollow noopener\" target=\"_blank\">Lorient<\/a>, conc\u00e9dant une lourde d\u00e9faite dans le derby breton 4-0. <a href=\"https:\/\/www.footmercato.net\/a7068292328311338192-l1-reduit-a-9-le-stade-rennais-secroule-dans-le-derby-face-a-lorient\" rel=\"nofollow noopener\" target=\"_blank\">R\u00e9duits \u00e0 neuf d\u00e8s la 11e minute apr\u00e8s les expulsions de Camara et Wooh<\/a>, les Rennais n\u2019ont jamais pu inverser la tendance. Un revers qui risque de laisser des traces dans les t\u00eates.<\/p>\n<p>            La suite apr\u00e8s cette publicit\u00e9<\/p>\n<p>Rongier s\u2019est exprim\u00e9 au micro de Ligue 1+ en fin de match : \u00ab je ne sais pas comment analyser ce match, c\u2019est difficile de faire un r\u00e9sultat \u00e0 9 contre 11, ce sont des erreurs qu\u2019on ne doit pas faire, \u00e7a fait partie de l\u2019apprentissage, mais en <a href=\"https:\/\/www.footmercato.net\/france\/ligue-1\/\" rel=\"nofollow noopener\" target=\"_blank\">Ligue 1<\/a>, on n\u2019a pas le temps, on a montr\u00e9 de belles choses \u00e0 9 contre 11 en premi\u00e8re mi-temps, mais le but nous fait mal. Aujourd\u2019hui, \u00e7a reste insuffisant. Ce sont pleins de petites choses qu\u2019on doit gommer, on \u00e9tait \u00e0 10 contre l\u2019OM, \u00e0 9 aujourd\u2019hui, on doit r\u00e9gler \u00e7a, rester \u00e0 11 pour vraiment jouer notre football. On voulait dominer ce match, aller les chercher tr\u00e8s haut, prendre le contr\u00f4le du jeu, mais on a d\u00fb changer notre plan de jeu avec ce rouge. \u00bb Un match \u00e0 oublier c\u00f4t\u00e9 Stade Rennais. <\/p>\n<p>\n    Pub. le 24\/08\/2025 17:25<br \/>\n            &#8211; MAJ le 24\/08\/2025 18:52\n    <\/p>\n","protected":false},"excerpt":{"rendered":"Au Stade du Moustoir, Rennes a sombr\u00e9 ce dimanche 24 ao\u00fbt face \u00e0 Lorient, conc\u00e9dant une lourde d\u00e9faite&hellip;\n","protected":false},"author":2,"featured_media":322051,"comment_status":"","ping_status":"","sticky":false,"template":"","format":"standard","meta":{"footnotes":""},"categories":[1410],"tags":[63,1011,27,60],"class_list":{"0":"post-341004","1":"post","2":"type-post","3":"status-publish","4":"format-standard","5":"has-post-thumbnail","7":"category-football","8":"tag-football","9":"tag-fr","10":"tag-france","11":"tag-sports"},"share_on_mastodon":{"url":"https:\/\/pubeurope.com\/@fr\/115084795907301809","error":""},"_links":{"self":[{"href":"https:\/\/www.europesays.com\/fr\/wp-json\/wp\/v2\/posts\/341004","targetHints":{"allow":["GET"]}}],"collection":[{"href":"https:\/\/www.europesays.com\/fr\/wp-json\/wp\/v2\/posts"}],"about":[{"href":"https:\/\/www.europesays.com\/fr\/wp-json\/wp\/v2\/types\/post"}],"author":[{"embeddable":true,"href":"https:\/\/www.europesays.com\/fr\/wp-json\/wp\/v2\/users\/2"}],"replies":[{"embeddable":true,"href":"https:\/\/www.europesays.com\/fr\/wp-json\/wp\/v2\/comments?post=341004"}],"version-history":[{"count":0,"href":"https:\/\/www.europesays.com\/fr\/wp-json\/wp\/v2\/posts\/341004\/revisions"}],"wp:featuredmedia":[{"embeddable":true,"href":"https:\/\/www.europesays.com\/fr\/wp-json\/wp\/v2\/media\/322051"}],"wp:attachment":[{"href":"https:\/\/www.europesays.com\/fr\/wp-json\/wp\/v2\/media?parent=341004"}],"wp:term":[{"taxonomy":"category","embeddable":true,"href":"https:\/\/www.europesays.com\/fr\/wp-json\/wp\/v2\/categories?post=341004"},{"taxonomy":"post_tag","embeddable":true,"href":"https:\/\/www.europesays.com\/fr\/wp-json\/wp\/v2\/tags?post=341004"}],"curies":[{"name":"wp","href":"https:\/\/api.w.org\/{rel}","templated":true}]}}