{"id":341005,"date":"2025-08-24T16:56:13","date_gmt":"2025-08-24T16:56:13","guid":{"rendered":"https:\/\/www.europesays.com\/fr\/341005\/"},"modified":"2025-08-24T16:56:13","modified_gmt":"2025-08-24T16:56:13","slug":"les-adieux-dolivier-minne-submergent-demotion-le-plateau-de-tout-le-monde-a-son-mot-a-dire","status":"publish","type":"post","link":"https:\/\/www.europesays.com\/fr\/341005\/","title":{"rendered":"Les adieux d\u2019Olivier Minne submergent d\u2019\u00e9motion le plateau de \u00ab Tout le monde a son mot \u00e0 dire \u00bb"},"content":{"rendered":"<p><strong>C\u2019est son dernier mot &#8211; Samedi, l\u2019animateur a pr\u00e9sent\u00e9 pour la derni\u00e8re fois le jeu de France 2. Il a notamment salu\u00e9 la copr\u00e9sentatrice, Sidonie Bonnec, qui a \u00e9t\u00e9 tr\u00e8s touch\u00e9e par ses mots<\/strong><\/p>\n<p>L\u2019\u00e9motion \u00e9tait au rendez-vous. Samedi, Olivier Minne, qui officiera prochainement sur <a href=\"https:\/\/www.20minutes.fr\/dossier\/m6?at_medium=RSS%20feed&amp;at_campaign=ynews&amp;utm_source=yahoo&amp;utm_medium=rss&amp;utm_campaign=news_feed&amp;utm_content=in_article_link\" rel=\"nofollow noopener\" target=\"_blank\" data-ylk=\"slk:M6;elm:context_link;itc:0;sec:content-canvas\" class=\"link \">M6<\/a>, a pr\u00e9sent\u00e9 pour une ultime fois \u00ab Tout le monde a son mot \u00e0 dire \u00bb sur <a href=\"https:\/\/www.20minutes.fr\/television\/france_2\/?at_medium=RSS%20feed&amp;at_campaign=ynews&amp;utm_source=yahoo&amp;utm_medium=rss&amp;utm_campaign=news_feed&amp;utm_content=in_article_link\" rel=\"nofollow noopener\" target=\"_blank\" data-ylk=\"slk:France 2;elm:context_link;itc:0;sec:content-canvas\" class=\"link \">France 2<\/a>.<\/p>\n<p>Au cours de cette derni\u00e8re, qui s\u2019\u00e9tait mise au diapason de son d\u00e9part, l\u2019animateur a re\u00e7u plusieurs t\u00e9moignages de sympathie et d\u2019affection de la part des soci\u00e9taires de l\u2019\u00e9mission &#8211; dont Camille Cerf, Donel Jacks\u2019man, Val\u00e9rie B\u00e8gue et Thomas Isle &#8211; qui ont quelque peu bouscul\u00e9 la m\u00e9canique habituelle.<\/p>\n<p>\u00ab Je me consid\u00e8re comme un homme tr\u00e8s g\u00e2t\u00e9 \u00bb<\/p>\n<p>A la fin de ce num\u00e9ro un peu sp\u00e9cial, Olivier Minne a remerci\u00e9 les t\u00e9l\u00e9spectateurs et s\u2019est adress\u00e9 \u00e0 la coanimatrice Sidonie Bonnec. \u00ab Dans ma vie professionnelle, j\u2019ai eu la chance de faire quelques duos qui ont \u00e9t\u00e9 fantastiques et puis il y a eu toi qui es entr\u00e9e dans ma vie. Je dois t\u2019avouer que je me consid\u00e8re comme un homme tr\u00e8s g\u00e2t\u00e9. Je voulais te remercier parce que tu es une femme tr\u00e8s particuli\u00e8re, tr\u00e8s sp\u00e9ciale et il faut que tu entretiennes \u00e7a, c\u2019est ce qui fait ta force, c\u2019est ce qui fait que je t\u2019aime, que je t\u2019aimerai toujours, au-del\u00e0 de ce programme \u00bb, lui a-t-il d\u00e9clar\u00e9. Sidonie Bonnec n\u2019a pu retenir ses larmes.<\/p>\n<p>Olivier Minne a aussi salu\u00e9 les autres figures de \u00ab Tout le monde a son mot \u00e0 dire \u00bb en confiant le \u00ab bonheur absolu \u00bb qu\u2019il a \u00e9prouv\u00e9 \u00ab de faire une \u00e9mission de t\u00e9l\u00e9vision avec des personnes qu\u2019on adore voir \u00e9galement en dehors des plateaux \u00bb.<\/p>\n<p><a href=\"https:\/\/www.20minutes.fr\/arts-stars\/television\/\" rel=\"nofollow noopener\" target=\"_blank\" data-ylk=\"slk:Tous nos articles T\u00e9l\u00e9vision;elm:context_link;itc:0;sec:content-canvas\" class=\"link \">Tous nos articles T\u00e9l\u00e9vision<\/a><\/p>\n<p>Bruno Guillon lui succ\u00e9dera lundi \u00e0 la copr\u00e9sentation du jeu. Olivier Minne tournera la pag(&#8230;)<\/p>\n<p><a href=\"https:\/\/www.20minutes.fr\/arts-stars\/television\/4169261-20250824-adieux-olivier-minne-submergent-emotion-plateau-tout-monde-mot-dire?at_medium=RSS%20feed&amp;at_campaign=ynews&amp;utm_source=yahoo&amp;utm_medium=rss&amp;utm_campaign=news_feed&amp;utm_content=read_more_link\" rel=\"nofollow noopener\" target=\"_blank\" data-ylk=\"slk:Lire la suite sur 20minutes;elm:context_link;itc:0;sec:content-canvas\" class=\"link \">Lire la suite sur 20minutes<\/a><\/p>\n<p>\u00c0 lire aussi :<br \/><a href=\"https:\/\/www.20minutes.fr\/arts-stars\/television\/4151514-20250502-m6-attache-services-olivier-minne-animer-grands-divertissements?at_medium=RSS%20feed&amp;at_campaign=ynews&amp;utm_source=yahoo&amp;utm_medium=rss&amp;utm_campaign=news_feed&amp;utm_content=related_content_link\" rel=\"nofollow noopener\" target=\"_blank\" data-ylk=\"slk:M6 s\u2019attache les services d\u2019Olivier Minne pour \u00ab animer de grands divertissements \u00bb;elm:context_link;itc:0;sec:content-canvas\" class=\"link \">M6 s\u2019attache les services d\u2019Olivier Minne pour \u00ab animer de grands divertissements \u00bb<\/a><br \/><a href=\"https:\/\/www.20minutes.fr\/arts-stars\/television\/4161183-20250630-fort-boyard-cyril-feraud-remplacant-evident-olivier-minne-selon-bruno-guillon?at_medium=RSS%20feed&amp;at_campaign=ynews&amp;utm_source=yahoo&amp;utm_medium=rss&amp;utm_campaign=news_feed&amp;utm_content=related_content_link\" rel=\"nofollow noopener\" target=\"_blank\" data-ylk=\"slk:\u00ab Fort Boyard \u00bb : Cyril F\u00e9raud serait \u00ab le rempla\u00e7ant \u00e9vident \u00bb d\u2019Olivier Minne, selon Bruno Guillon;elm:context_link;itc:0;sec:content-canvas\" class=\"link \">\u00ab Fort Boyard \u00bb : Cyril F\u00e9raud serait \u00ab le rempla\u00e7ant \u00e9vident \u00bb d\u2019Olivier Minne, selon Bruno Guillon<\/a><\/p>\n","protected":false},"excerpt":{"rendered":"C\u2019est son dernier mot &#8211; Samedi, l\u2019animateur a pr\u00e9sent\u00e9 pour la derni\u00e8re fois le jeu de France 2.&hellip;\n","protected":false},"author":2,"featured_media":341006,"comment_status":"","ping_status":"","sticky":false,"template":"","format":"standard","meta":{"footnotes":""},"categories":[1359],"tags":[17055,58,59,1011,27,47726,17033,973,29485,1738],"class_list":{"0":"post-341005","1":"post","2":"type-post","3":"status-publish","4":"format-standard","5":"has-post-thumbnail","7":"category-people","8":"tag-camille-cerf","9":"tag-divertissement","10":"tag-entertainment","11":"tag-fr","12":"tag-france","13":"tag-mot","14":"tag-olivier-minne","15":"tag-people","16":"tag-sidonie-bonnec","17":"tag-tout-le-monde"},"share_on_mastodon":{"url":"https:\/\/pubeurope.com\/@fr\/115084799813068129","error":""},"_links":{"self":[{"href":"https:\/\/www.europesays.com\/fr\/wp-json\/wp\/v2\/posts\/341005","targetHints":{"allow":["GET"]}}],"collection":[{"href":"https:\/\/www.europesays.com\/fr\/wp-json\/wp\/v2\/posts"}],"about":[{"href":"https:\/\/www.europesays.com\/fr\/wp-json\/wp\/v2\/types\/post"}],"author":[{"embeddable":true,"href":"https:\/\/www.europesays.com\/fr\/wp-json\/wp\/v2\/users\/2"}],"replies":[{"embeddable":true,"href":"https:\/\/www.europesays.com\/fr\/wp-json\/wp\/v2\/comments?post=341005"}],"version-history":[{"count":0,"href":"https:\/\/www.europesays.com\/fr\/wp-json\/wp\/v2\/posts\/341005\/revisions"}],"wp:featuredmedia":[{"embeddable":true,"href":"https:\/\/www.europesays.com\/fr\/wp-json\/wp\/v2\/media\/341006"}],"wp:attachment":[{"href":"https:\/\/www.europesays.com\/fr\/wp-json\/wp\/v2\/media?parent=341005"}],"wp:term":[{"taxonomy":"category","embeddable":true,"href":"https:\/\/www.europesays.com\/fr\/wp-json\/wp\/v2\/categories?post=341005"},{"taxonomy":"post_tag","embeddable":true,"href":"https:\/\/www.europesays.com\/fr\/wp-json\/wp\/v2\/tags?post=341005"}],"curies":[{"name":"wp","href":"https:\/\/api.w.org\/{rel}","templated":true}]}}