{"id":341011,"date":"2025-08-24T16:59:16","date_gmt":"2025-08-24T16:59:16","guid":{"rendered":"https:\/\/www.europesays.com\/fr\/341011\/"},"modified":"2025-08-24T16:59:16","modified_gmt":"2025-08-24T16:59:16","slug":"fabien-lecoeuvre-devoile-le-montant-quil-touchait-chaque-mois-sur-tpmp-entre-10-et-15-000-euros","status":"publish","type":"post","link":"https:\/\/www.europesays.com\/fr\/341011\/","title":{"rendered":"Fabien Lecoeuvre d\u00e9voile le montant qu\u2019il touchait chaque mois sur TPMP : \u00ab\u00a0Entre 10 et 15 000 euros\u00a0\u00bb"},"content":{"rendered":"<p>Lors de son passage dans Le Jet de Luxe (de Jordan de Luxe), vendredi 22 ao\u00fbt, Fabien Lecoeuvre s\u2019est longuement livr\u00e9 sur son passage dans TPMP, r\u00e9v\u00e9lant, par la m\u00eame occasion, la somme qu\u2019il touchait chaque mois.<\/p>\n<p>D\u2019ici quelques semaines, Cyril Hanouna et sa bande de chroniqueurs (presque au complet) reviennent sur le petit \u00e9cran   <a href=\"https:\/\/www.programme-television.org\/news\/tv\/sequences-tele\/tout-beau-tout-9-cyril-hanouna-devoile-la-bande-annonce-de-sa-nouvelle-emission-sur-w9-video-4742526\" target=\"_self\" rel=\"nofollow noopener\">avec l\u2019\u00e9mission Tout Beau, Tout N9uf<\/a>. Un talk-show centr\u00e9 sur l\u2019actualit\u00e9, diffus\u00e9 sur W9, et dans lequel les t\u00e9l\u00e9spectateurs retrouveront certains visages embl\u00e9matiques de Touche pas \u00e0 mon poste \u2013 qui n\u2019est, pour rappel, plus diffus\u00e9 suite \u00e0 l\u2019arr\u00eat de la cha\u00eene C8. Parmi les noms d\u00e9j\u00e0 confirm\u00e9s dans la nouvelle \u00e9mission de Cyril Hanouna, on retrouvera notamment Fabien Lecoeuvre qui a d\u00e9j\u00e0 fait ses preuves en tant que chroniqueur people.<\/p>\n<p><a id=\"eztoc103274280_1\"\/>Fabien Lecoeuvre l\u00e8ve le voile sur son salaire dans TPMP<\/p>\n<p>Le vendredi 22 ao\u00fbt, Fabien Lecoeuvre \u00e9tait de passage dans   <a href=\"https:\/\/www.youtube.com\/watch?v=A12-Gokj7VI\" target=\"_self\" rel=\"nofollow noopener\">l&rsquo;\u00e9mission Youtube Le Jet de Luxe<\/a> (pr\u00e9sent\u00e9e par Jordan de Luxe qui devrait, \u00e9galement, \u00eatre de retour dans Tout Beau, Tout N9uf). Un entretien au cours duquel le journaliste de 66 ans a \u00e9t\u00e9 questionn\u00e9 sur le salaire qu\u2019il percevait chaque mois pour Touche pas \u00e0 mon poste. Une question \u00e0 laquelle il aurait pu ne pas r\u00e9pondre, mais \u00e0 laquelle le chroniqueur ne s\u2019est nullement d\u00e9fil\u00e9. \u00ab\u00a0Oui, entre 10 et 15 000 euros\u00a0\u00bb, a-t-il ainsi r\u00e9v\u00e9l\u00e9. Une somme faramineuse per\u00e7ue en salaire, a-t-il pr\u00e9cis\u00e9, mais qui s\u2019explique par le travail qu\u2019il r\u00e9alisait en amont. \u00ab\u00a0C\u2019est beaucoup de pr\u00e9paration. Parce qu\u2019on a l\u2019impression qu\u2019on est en impro. Pas du tout. Je travaille l\u2019apr\u00e8s-midi avec mon collaborateur Laurent etc. C\u2019est-\u00e0-dire qu\u2019il faut chercher la bonne histoire.Il faut toujours chercher la bonne anecdote. La bonne histoire. Pas forc\u00e9ment la meilleure histoire mais celle qui va faire r\u00e9agir Cyril\u00a0\u00bb, a-t-il assur\u00e9.<\/p>\n<p><a id=\"eztoc103274280_2\"\/>Fabien Lecoeuvre : comment a-t-il appris qu\u2019il allait rejoindre l\u2019\u00e9quipe de TBTN ?<\/p>\n<p>Toujours lors de ce m\u00eame entretien, Fabien Lecoeuvre s\u2019est \u00e9galement confi\u00e9 sur son arriv\u00e9e dans l\u2019\u00e9mission Tout Beau, Tout N9uf. D\u2019apr\u00e8s ses dires, il savait depuis d\u00e9j\u00e0 un certain temps qu\u2019il allait rejoindre ce nouveau programme. \u00ab\u00a0J\u2019ai sign\u00e9 avec le groupe M6, pour W9. J\u2019ai sign\u00e9, il y a d\u00e9j\u00e0 longtemps, mais j\u2019attendais que Cyril l\u2019annonce lui-m\u00eame\u00a0\u00bb, a-t-il soutenu. D\u2019apr\u00e8s ses dires, \u00e0 la rentr\u00e9e, il sera sur le plateau de la nouvelle \u00e9mission de Cyril Hanouna. \u00ab\u00a0Sauf si je meurs au mois d\u2019ao\u00fbt\u00a0\u00bb, a-t-il plaisant\u00e9 ensuite.<\/p>\n","protected":false},"excerpt":{"rendered":"Lors de son passage dans Le Jet de Luxe (de Jordan de Luxe), vendredi 22 ao\u00fbt, Fabien Lecoeuvre&hellip;\n","protected":false},"author":2,"featured_media":341012,"comment_status":"","ping_status":"","sticky":false,"template":"","format":"standard","meta":{"footnotes":""},"categories":[1356],"tags":[58,59,1011,27,252,1364],"class_list":{"0":"post-341011","1":"post","2":"type-post","3":"status-publish","4":"format-standard","5":"has-post-thumbnail","7":"category-television","8":"tag-divertissement","9":"tag-entertainment","10":"tag-fr","11":"tag-france","12":"tag-television","13":"tag-tv"},"share_on_mastodon":{"url":"https:\/\/pubeurope.com\/@fr\/115084812116908653","error":""},"_links":{"self":[{"href":"https:\/\/www.europesays.com\/fr\/wp-json\/wp\/v2\/posts\/341011","targetHints":{"allow":["GET"]}}],"collection":[{"href":"https:\/\/www.europesays.com\/fr\/wp-json\/wp\/v2\/posts"}],"about":[{"href":"https:\/\/www.europesays.com\/fr\/wp-json\/wp\/v2\/types\/post"}],"author":[{"embeddable":true,"href":"https:\/\/www.europesays.com\/fr\/wp-json\/wp\/v2\/users\/2"}],"replies":[{"embeddable":true,"href":"https:\/\/www.europesays.com\/fr\/wp-json\/wp\/v2\/comments?post=341011"}],"version-history":[{"count":0,"href":"https:\/\/www.europesays.com\/fr\/wp-json\/wp\/v2\/posts\/341011\/revisions"}],"wp:featuredmedia":[{"embeddable":true,"href":"https:\/\/www.europesays.com\/fr\/wp-json\/wp\/v2\/media\/341012"}],"wp:attachment":[{"href":"https:\/\/www.europesays.com\/fr\/wp-json\/wp\/v2\/media?parent=341011"}],"wp:term":[{"taxonomy":"category","embeddable":true,"href":"https:\/\/www.europesays.com\/fr\/wp-json\/wp\/v2\/categories?post=341011"},{"taxonomy":"post_tag","embeddable":true,"href":"https:\/\/www.europesays.com\/fr\/wp-json\/wp\/v2\/tags?post=341011"}],"curies":[{"name":"wp","href":"https:\/\/api.w.org\/{rel}","templated":true}]}}