{"id":341015,"date":"2025-08-24T17:01:39","date_gmt":"2025-08-24T17:01:39","guid":{"rendered":"https:\/\/www.europesays.com\/fr\/341015\/"},"modified":"2025-08-24T17:01:39","modified_gmt":"2025-08-24T17:01:39","slug":"dix-tres-bons-films-a-voir-gratuitement-avant-quils-ne-quittent-france-tv","status":"publish","type":"post","link":"https:\/\/www.europesays.com\/fr\/341015\/","title":{"rendered":"Dix tr\u00e8s bons films \u00e0 voir gratuitement avant qu\u2019ils ne quittent France.tv"},"content":{"rendered":"<p>      Pas oblig\u00e9 de s\u2019abonner pour regarder du beau cin\u00e9ma\u00a0! Apr\u00e8s Arte.tv, voici notre s\u00e9lection de dix \u0153uvres incontournables ou m\u00e9connues \u00e0 (re)voir sur France.tv d\u2019ici \u00e0 la fin de l\u2019\u00e9t\u00e9.              <a href=\"https:\/\/www.europesays.com\/fr\/wp-content\/uploads\/2025\/08\/d0ea84a_upload-1-khg50ve4lzp0-tree-of-life-2010-18.jpg\" data-pswp-width=\"\" data-pswp-height=\"\" class=\"media__hd\" target=\"_blank\">      <img decoding=\"async\" fetchpriority=\"high\" src=\"https:\/\/www.europesays.com\/fr\/wp-content\/uploads\/2025\/08\/d0ea84a_upload-1-khg50ve4lzp0-tree-of-life-2010-18.jpg\" class=\"media__picture js-media-zoom-main \" alt=\"Jessica Chastain dans \u00ab\u00a0The Tree of Life\u00a0\u00bb, de Terrence Malick.\" title=\"Cottonwood Pictures - Plan B Ent. - River Road Ent.\"\/>      <\/p>\n<p class=\"media__legend\"> Jessica Chastain dans \u00ab\u00a0The Tree of Life\u00a0\u00bb, de Terrence Malick.  Cottonwood Pictures &#8211; Plan B Ent. &#8211; River Road Ent.  <\/p>\n<p>     <\/a>                    <\/p>\n<p class=\"author author--simple\">Par  <a class=\"author author--link\" href=\"https:\/\/www.telerama.fr\/recherche\/articles?q=Le+service+Cin%C3%A9ma\" rel=\"nofollow noopener\" target=\"_blank\"> Le service Cin\u00e9ma <\/a>    <\/p>\n<p class=\"publication__date\">Publi\u00e9 le 24 ao\u00fbt 2025 \u00e0 16h58<\/p>\n<p>   Partager   <\/p>\n<ul class=\"sharing-popin--results\">\n<li class=\"sharing-popin--item sharing-popin--item-container\"> Partage  <\/li>\n<li data-share=\"linkedin\" class=\"sharing-popin--item\">  LinkedIn <\/li>\n<li data-share=\"facebook\" class=\"sharing-popin--item\">  Facebook <\/li>\n<li data-share=\"mail\" data-social=\"mail\" class=\"sharing-popin--item\">  Envoyer par email <\/li>\n<li data-share=\"copy\" class=\"sharing-popin--item\">  Copier le lien <\/li>\n<\/ul>\n<p>        Favoris       <\/p>\n<p>                <a class=\"openapp__link\" data-event=\"click-open-app\" data-deep-link=\"tlrm:\/\/element?id=\/cinema\/dix-tres-bons-films-a-voir-gratuitement-avant-qu-ils-ne-quittent-france-tv-7027036.php&amp;source=deeplink_site\">  Lire dans l&rsquo;application<br \/>\n  <\/a>                               <\/p>\n<p class=\"paragraph\">Plus que quelques jours pour d\u00e9couvrir ou se replonger dans des histoires incroyables. Le catalogue de France.tv s\u2019enrichit chaque mois de nouveaux tr\u00e9sors du cin\u00e9ma fran\u00e7ais et international, mais pas pour toute la vie, droits de diffusion obligent. Alors, avant qu\u2019il ne soit trop tard \u2014 certains films ne sont disponibles que quelques jours seulement \u2014, T\u00e9l\u00e9rama\u00a0a s\u00e9lectionn\u00e9 pour vous les dix \u0153uvres offertes par France T\u00e9l\u00e9visions qu\u2019il serait \u00ab\u00a0criminel\u00a0\u00bb de rater juste parce qu\u2019on ne les a pas regard\u00e9es \u00e0 temps. D\u2019ici \u00e0 la fin du mois, vous pourrez vous faire une toile originale gratuitement quasi tous les soirs. En solo ou \u00e0 plusieurs, avec un spritz ou un th\u00e9 glac\u00e9, en maillot ou en polo, laissez-vous emporter par la magie du cin\u00e9ma\u00a0!<\/p>\n<p>                                    Autobiographique\u00a0: \u201cLe Lyc\u00e9en\u201d                      <\/p>\n<p class=\"paragraph\">Un lyc\u00e9en d\u2019aujourd\u2019hui apprend la mort de son p\u00e8re. Entre effondrement et renaissance, Christophe Honor\u00e9 raconte un moment-cl\u00e9 de son adolescence, \u00e9voqu\u00e9 dans son spectacle Le Ciel de Nantes. Une raison de plus d\u2019aimer le film\u00a0? Il a r\u00e9v\u00e9l\u00e9 le talent de Paul Kircher.<\/p>\n<p>                              <a href=\"https:\/\/www.europesays.com\/fr\/wp-content\/uploads\/2025\/08\/0e61adb_1669378233040-media-telerama-016030-003-2.jpg\" data-pswp-width=\"\" data-pswp-height=\"\" class=\"media__hd\" target=\"_blank\">      <img decoding=\"async\" loading=\"lazy\" src=\"https:\/\/www.europesays.com\/fr\/wp-content\/uploads\/2025\/08\/0e61adb_1669378233040-media-telerama-016030-003-2.jpg\" class=\"media__picture js-media-zoom  media__size--large\" alt=\"\" title=\"Photo Jean-Louis Fernandez\/Les films Pell\u00e9as\"\/>      <\/p>\n<p class=\"media__legend\">   Photo Jean-Louis Fernandez\/Les films Pell\u00e9as  <\/p>\n<p>     <\/a>                                                      <\/p>\n<p class=\"edito__prefixe\">   Lire notre critique   <\/p>\n<p class=\"edito__text-container\">       <a alt=\"Lire notre critique\" href=\"https:\/\/www.telerama.fr\/cinema\/films\/le-lyceen-1-227375218.php\" class=\"article__title--edito\" rel=\"nofollow noopener\" target=\"_blank\">\u201cLe Lyc\u00e9en\u201d, Christophe Honor\u00e9 revisite son adolescence avec panache<\/a>  <\/p>\n<p>                                        Touchant\u00a0: \u201cYoussef Salem a du succ\u00e8s\u201d                      <\/p>\n<p class=\"paragraph\">Un \u00e9crivain (Ramzy Bedia, dr\u00f4lement fin) panique \u00e0 l\u2019id\u00e9e que ses parents lisent son autofiction\u2026 Portrait de famille chaleureux et touchant, le film tourne intelligemment autour de la libert\u00e9 de l\u2019artiste et de l\u2019assignation identitaire.<\/p>\n<p>                              <a href=\"https:\/\/www.europesays.com\/fr\/wp-content\/uploads\/2025\/08\/a3fb61d_1673625069073-telerama-undefined-4.jpg\" data-pswp-width=\"\" data-pswp-height=\"\" class=\"media__hd\" target=\"_blank\">      <img decoding=\"async\" loading=\"lazy\" src=\"https:\/\/www.europesays.com\/fr\/wp-content\/uploads\/2025\/08\/a3fb61d_1673625069073-telerama-undefined-4.jpg\" class=\"media__picture js-media-zoom  media__size--large\" alt=\"\" title=\"Domino films\"\/>      <\/p>\n<p class=\"media__legend\">   Domino films  <\/p>\n<p>     <\/a>                                                     <\/p>\n<p class=\"edito__prefixe\">   D\u00e9couvrir la note et la critique   <\/p>\n<p class=\"edito__text-container\">       <a alt=\"Lire aussi\" href=\"https:\/\/www.telerama.fr\/cinema\/films\/youssef-salem-a-du-succes-1-231736790.php\" class=\"article__title--edito\" rel=\"nofollow noopener\" target=\"_blank\">\u201cYoussef Salem a du succ\u00e8s\u201d, de Baya Kasmi\u00a0: une com\u00e9die fut\u00e9e o\u00f9 brille Ramzy Bedia<\/a>  <\/p>\n<p>                                        Irradiant\u00a0: \u201cK-19, le pi\u00e8ge des profondeurs\u201d                      <\/p>\n<p class=\"paragraph\">Au plus fort de la guerre froide, un sous-marin nucl\u00e9aire sovi\u00e9tique menace d\u2019exploser. Claustrophobie assur\u00e9e dans ce film haletant. L\u2019aplomb de Kathryn Bigelow, r\u00e9alisatrice tr\u00e8s originale \u00e0 Hollywood, paie une fois de plus.<\/p>\n<p>                              <a href=\"https:\/\/www.europesays.com\/fr\/wp-content\/uploads\/2025\/08\/93849cb_1728304869198-k19.jpg\" data-pswp-width=\"\" data-pswp-height=\"\" class=\"media__hd\" target=\"_blank\">      <img decoding=\"async\" loading=\"lazy\" src=\"https:\/\/www.europesays.com\/fr\/wp-content\/uploads\/2025\/08\/93849cb_1728304869198-k19.jpg\" class=\"media__picture js-media-zoom  media__size--large\" alt=\"\" title=\"\"\/>       <\/a>                                                     <\/p>\n<p class=\"edito__prefixe\">   Lire notre critique   <\/p>\n<p class=\"edito__text-container\">       <a alt=\"Lire notre critique\" href=\"https:\/\/www.telerama.fr\/cinema\/k-19-le-piege-des-profondeurs-kathryn-bigelow-met-notre-sang-froid-a-rude-epreuve_cri-7034880.php\" class=\"article__title--edito\" rel=\"nofollow noopener\" target=\"_blank\">\u201cK-19, le pi\u00e8ge des profondeurs\u201d\u00a0: Kathryn Bigelow met notre sang froid \u00e0 rude \u00e9preuve<\/a>  <\/p>\n<p>                                        Pourfendeur\u00a0: \u201cAmen\u201d                      <\/p>\n<p class=\"paragraph\">Deux chr\u00e9tiens, un m\u00e9decin SS \u00ab\u00a0espion de Dieu\u00a0\u00bb et un jeune pr\u00eatre italien ne parviennent pas \u00e0 faire r\u00e9agir le Vatican face \u00e0 la pers\u00e9cution des Juifs par les nazis. Inspir\u00e9 d\u2019une pi\u00e8ce de Rolf Hochhuth, un pamphlet carr\u00e9 et efficace, sign\u00e9 Costa-Gavras.<\/p>\n<p>                              <a href=\"https:\/\/www.europesays.com\/fr\/wp-content\/uploads\/2025\/08\/900034f_1699443006321-3-amen200202jpg-copie.jpg\" data-pswp-width=\"\" data-pswp-height=\"\" class=\"media__hd\" target=\"_blank\">      <img decoding=\"async\" loading=\"lazy\" src=\"https:\/\/www.europesays.com\/fr\/wp-content\/uploads\/2025\/08\/900034f_1699443006321-3-amen200202jpg-copie.jpg\" class=\"media__picture js-media-zoom  media__size--large\" alt=\"\" title=\"K.G Productions \/ Renn Productions \"\/>      <\/p>\n<p class=\"media__legend\">   K.G Productions \/ Renn Productions   <\/p>\n<p>     <\/a>                                                     <\/p>\n<p class=\"edito__prefixe\">   D\u00e9couvrir la note et la critique   <\/p>\n<p class=\"edito__text-container\">       <a alt=\"Lire aussi\" href=\"https:\/\/www.telerama.fr\/cinema\/films\/amen,55697.php\" class=\"article__title--edito\" rel=\"nofollow noopener\" target=\"_blank\">\u201cAmen\u201d\u00a0: le br\u00fblot de Costa Gavras envers l\u2019\u00c9glise catholique<\/a>  <\/p>\n<p>                                        \u00c9blouissant\u00a0: \u201cThe Tree of Life\u201d                      <\/p>\n<p class=\"paragraph\">Jack s\u2019appr\u00eate \u00e0 devenir p\u00e8re. \u00c0 ce moment crucial de sa vie, il se rem\u00e9more son adolescence, entour\u00e9 de ses deux fr\u00e8res, de son p\u00e8re autoritaire et de sa m\u00e8re aimante. Un film d\u00e9j\u00e0 mythique, r\u00e9compens\u00e9 par la Palme d\u2019or au Festival de Cannes\u00a02011.<\/p>\n<p>                              <a href=\"https:\/\/www.europesays.com\/fr\/wp-content\/uploads\/2025\/08\/59e85ef_upload-1-qhw8ptgzyofa-tree-of-life-2010-20.jpg\" data-pswp-width=\"\" data-pswp-height=\"\" class=\"media__hd\" target=\"_blank\">      <img decoding=\"async\" loading=\"lazy\" src=\"https:\/\/www.europesays.com\/fr\/wp-content\/uploads\/2025\/08\/59e85ef_upload-1-qhw8ptgzyofa-tree-of-life-2010-20.jpg\" class=\"media__picture js-media-zoom  media__size--large\" alt=\"\" title=\"Cottonwood Pictures - Plan B Ent. - River Road Ent. \"\/>      <\/p>\n<p class=\"media__legend\">   Cottonwood Pictures &#8211; Plan B Ent. &#8211; River Road Ent.   <\/p>\n<p>     <\/a>                                                     <\/p>\n<p class=\"edito__prefixe\">   Lire la critique   <\/p>\n<p class=\"edito__text-container\">       <a alt=\"Lire la critique\" href=\"https:\/\/www.telerama.fr\/cinema\/films\/the-tree-of-life-l-arbre-de-vie,427453.php\" class=\"article__title--edito\" rel=\"nofollow noopener\" target=\"_blank\">\u201cThe Tree of Life\u201d,  de Terrence Malick\u00a0: un film qui d\u00e9fie l\u2019espace-temps, jusqu\u2019au vertige<\/a>  <\/p>\n<p>                                        Puissant\u00a0: \u201cUn homme int\u00e8gre\u201d                      <\/p>\n<p class=\"paragraph\">Dans un village iranien, un modeste \u00e9leveur de poissons rouges r\u00e9siste, seul contre tous, \u00e0 la corruption g\u00e9n\u00e9ralis\u00e9e, au risque de tout perdre. Un grand film, sign\u00e9 Mohammad Rasoulof, lui-m\u00eame victime du r\u00e9gime.<\/p>\n<p>                              <a href=\"https:\/\/www.europesays.com\/fr\/wp-content\/uploads\/2025\/08\/84fac25_upload-1-k2pzvijxoria-un-homme-integre-2017-01.jpg\" data-pswp-width=\"\" data-pswp-height=\"\" class=\"media__hd\" target=\"_blank\">      <img decoding=\"async\" loading=\"lazy\" src=\"https:\/\/www.europesays.com\/fr\/wp-content\/uploads\/2025\/08\/84fac25_upload-1-k2pzvijxoria-un-homme-integre-2017-01.jpg\" class=\"media__picture js-media-zoom  media__size--large\" alt=\"\" title=\"Photo Pouyan Behagh\"\/>      <\/p>\n<p class=\"media__legend\">   Photo Pouyan Behagh  <\/p>\n<p>     <\/a>                                                     <\/p>\n<p class=\"edito__prefixe\">   D\u00e9couvrir la note et la critique   <\/p>\n<p class=\"edito__text-container\">       <a alt=\"Lire aussi\" href=\"https:\/\/www.telerama.fr\/cinema\/un-homme-integre-de-mohammad-rasoulof-notre-critique_cri-7031531.php\" class=\"article__title--edito\" rel=\"nofollow noopener\" target=\"_blank\">\u201cUn homme int\u00e8gre\u201d\u00a0: une charge implacable contre le r\u00e9gime des mollahs en Iran<\/a>  <\/p>\n<p>                                        R\u00e9voltant\u00a0: \u201cBamako\u201d                      <\/p>\n<p class=\"paragraph\">Dans la cour d\u2019une maison de Bamako, un \u00e9trange tribunal si\u00e8ge pour juger le FMI et la Banque mondiale. Une fable utopique mais inscrite dans le quotidien, une tribune populaire o\u00f9 chacun vient s\u2019expliquer, proclamer, argumenter. Tr\u00e8s salutaire.<\/p>\n<p>                              <a href=\"https:\/\/www.europesays.com\/fr\/wp-content\/uploads\/2025\/08\/eccd504_upload-1-z2ng6m7abiq5-bamako-2006-04.jpg\" data-pswp-width=\"\" data-pswp-height=\"\" class=\"media__hd\" target=\"_blank\">      <img decoding=\"async\" loading=\"lazy\" src=\"https:\/\/www.europesays.com\/fr\/wp-content\/uploads\/2025\/08\/eccd504_upload-1-z2ng6m7abiq5-bamako-2006-04.jpg\" class=\"media__picture js-media-zoom  media__size--large\" alt=\"\" title=\"Archipel 33 - Chinguitty Films - Mali Images\"\/>      <\/p>\n<p class=\"media__legend\">   Archipel 33 &#8211; Chinguitty Films &#8211; Mali Images  <\/p>\n<p>     <\/a>                          <\/p>\n<p class=\"paragraph\">Film r\u00e9alis\u00e9 par d\u2019Abderrahmane Sissako (Mali, USA, Fr, 2006). 1h52. <a target=\"_blank\" href=\"https:\/\/www.france.tv\/films\/7156019-bamako.html\" rel=\"nofollow noopener\">Disponible jusqu\u2019au 31\u00a0ao\u00fbt 2025.<\/a><\/p>\n<p class=\"edito__prefixe\">   D\u00e9couvrir la note et la critique   <\/p>\n<p class=\"edito__text-container\">       <a alt=\"Lire aussi\" href=\"https:\/\/www.telerama.fr\/cinema\/bamako-d-abderrahmane-sissako-un-film-proces-utopique-et-salutaire_cri-7040057.php\" class=\"article__title--edito\" rel=\"nofollow noopener\" target=\"_blank\">\u201cBamako\u201d, d\u2019Abderrahmane Sissako\u00a0: un film-proc\u00e8s utopique et salutaire<\/a>  <\/p>\n<p>                                        Lumineux\u00a0: \u201cMes fr\u00e8res et moi\u201d                      <\/p>\n<p class=\"paragraph\">Le benjamin d\u2019une fratrie en marge d\u00e9couvre le chant lyrique. Ce premier film change la partition trop classique sur les mecs des cit\u00e9s, avec un petit air de com\u00e9die italienne bienvenu.<\/p>\n<p>                              <a href=\"https:\/\/www.europesays.com\/fr\/wp-content\/uploads\/2025\/08\/f21ccfc_upload-1-fsucppuuov6h-mes-freres-et-moi-2021-16.jpg\" data-pswp-width=\"\" data-pswp-height=\"\" class=\"media__hd\" target=\"_blank\">      <img decoding=\"async\" loading=\"lazy\" src=\"https:\/\/www.europesays.com\/fr\/wp-content\/uploads\/2025\/08\/f21ccfc_upload-1-fsucppuuov6h-mes-freres-et-moi-2021-16.jpg\" class=\"media__picture js-media-zoom  media__size--large\" alt=\"\" title=\"Photo David Koskas \/ A Single Man\"\/>      <\/p>\n<p class=\"media__legend\">   Photo David Koskas \/ A Single Man  <\/p>\n<p>     <\/a>                                                     <\/p>\n<p class=\"edito__prefixe\">   D\u00e9couvrir la note et la critique   <\/p>\n<p class=\"edito__text-container\">       <a alt=\"Lire aussi\" href=\"https:\/\/www.telerama.fr\/cinema\/films\/mes-freres-et-moi-1-190192291.php\" class=\"article__title--edito\" rel=\"nofollow noopener\" target=\"_blank\">Mes fr\u00e8res et moi<\/a>  <\/p>\n<p>                                        Sinc\u00e8re\u00a0: \u201cEntre les vagues\u201d                      <\/p>\n<p class=\"paragraph\">L\u2019amiti\u00e9 entre deux aspirantes com\u00e9diennes tourne au m\u00e9lo lorsque l\u2019une d\u2019entre elles se r\u00e9v\u00e8le atteinte d\u2019une grave maladie. Un film touchant malgr\u00e9 ses maladresses, gr\u00e2ce au charisme de ses jeunes interpr\u00e8tes.<\/p>\n<p>                              <a href=\"https:\/\/www.europesays.com\/fr\/wp-content\/uploads\/2025\/08\/05465d9_upload-1-qbhiaer7lmi7-entre-les-vagues-2021-01.jpg\" data-pswp-width=\"\" data-pswp-height=\"\" class=\"media__hd\" target=\"_blank\">      <img decoding=\"async\" loading=\"lazy\" src=\"https:\/\/www.europesays.com\/fr\/wp-content\/uploads\/2025\/08\/05465d9_upload-1-qbhiaer7lmi7-entre-les-vagues-2021-01.jpg\" class=\"media__picture js-media-zoom  media__size--large\" alt=\"\" title=\"Unite\"\/>      <\/p>\n<p class=\"media__legend\">   Unite  <\/p>\n<p>     <\/a>                                                     <\/p>\n<p class=\"edito__prefixe\">   D\u00e9couvrir la note et la critique   <\/p>\n<p class=\"edito__text-container\">       <a alt=\"Lire aussi\" href=\"https:\/\/www.telerama.fr\/cinema\/entre-les-vagues-7010044.php\" class=\"article__title--edito\" rel=\"nofollow noopener\" target=\"_blank\">\u201cEntre les vagues\u201d\u00a0: D\u00e9borah Lukumuena et Souheila Yacoub, d\u00e9bordantes d\u2019\u00e9nergie<\/a>  <\/p>\n<p>                                        Nostalgique\u00a0: \u201cPeter\u2019s Friend\u201d                      <\/p>\n<p class=\"paragraph\">Que sont nos amis devenus\u00a0? Dix ans apr\u00e8s, retrouvailles dr\u00f4les, \u00e9mouvantes, am\u00e8res d\u2019une bande de potes. R\u00e9pliques \u00e9tincelantes, acteurs virtuoses et une bande originale superbe. Une com\u00e9die savoureuse qui fait un bien fou.<\/p>\n<p>                              <a href=\"https:\/\/www.europesays.com\/fr\/wp-content\/uploads\/2025\/08\/550b783_upload-1-x7u2qev27vnk-peter27sfriends-9.jpg\" data-pswp-width=\"\" data-pswp-height=\"\" class=\"media__hd\" target=\"_blank\">      <img decoding=\"async\" loading=\"lazy\" src=\"https:\/\/www.europesays.com\/fr\/wp-content\/uploads\/2025\/08\/550b783_upload-1-x7u2qev27vnk-peter27sfriends-9.jpg\" class=\"media__picture js-media-zoom  media__size--large\" alt=\"\" title=\"Renaissance Films Productions \/ Film 4 International\"\/>      <\/p>\n<p class=\"media__legend\">   Renaissance Films Productions \/ Film 4 International  <\/p>\n<p>     <\/a>                                                     <\/p>\n<p class=\"edito__prefixe\">   D\u00e9couvrir la note et la critique   <\/p>\n<p class=\"edito__text-container\">       <a alt=\"Lire aussi\" href=\"https:\/\/www.telerama.fr\/television\/peter-s-friends-de-kenneth-branagh-une-comedie-savoureuse_cri-7040192.php\" class=\"article__title--edito\" rel=\"nofollow noopener\" target=\"_blank\">\u201cPeter\u2019s Friends\u201d, de Kenneth Branagh\u00a0: une com\u00e9die savoureuse<\/a>  <\/p>\n<p class=\"edito__prefixe\">   Besoin d\u2019une id\u00e9e\u00a0?\u00a0   <\/p>\n<p class=\"edito__text-container\">   <a alt=\"Besoin d\u2019une id\u00e9e\u00a0?\u00a0\" href=\"https:\/\/www.telerama.fr\/series-tv\/les-vingt-meilleures-series-a-voir-gratuitement-sur-arte-tv-france-tv-et-m6-5204-7023235.php\" class=\"article__title--edito\" rel=\"nofollow noopener\" target=\"_blank\">Les vingt meilleures s\u00e9ries \u00e0 voir gratuitement sur Arte.tv, France.tv et M6+<\/a>  <\/p>\n<p class=\"paragraph\">Et pour encore plus d\u2019id\u00e9es de films, s\u00e9ries et documentaires disponibles sur Netflix, Arte.tv, MyCanal\u2026, retrouvez toutes nos s\u00e9lections et listes th\u00e9matiques sur notre guide plateformes.<\/p>\n<p>        <img decoding=\"async\" class=\"snippet-generic__img\" src=\"https:\/\/www.europesays.com\/fr\/wp-content\/uploads\/2025\/04\/e7b7817_1729070628687-2.png\"\/><\/p>\n<p class=\"snippet-generic__title\">Enfin un guide Plateformes<\/p>\n<p class=\"snippet-generic__text\">Arr\u00eatez de perdre du temps \u00e0 chercher et d\u00e9couvrez les films, les s\u00e9ries et les documentaires recommand\u00e9s par T\u00e9l\u00e9rama sur toutes les plateformes SVOD. <\/p>\n<p>    <a href=\"https:\/\/www.telerama.fr\/plateformes\/\" rel=\"nofollow noopener\" target=\"_blank\"><\/p>\n<p>            Je d\u00e9couvre<\/p>\n<p>    <\/a><\/p>\n","protected":false},"excerpt":{"rendered":"Pas oblig\u00e9 de s\u2019abonner pour regarder du beau cin\u00e9ma\u00a0! Apr\u00e8s Arte.tv, voici notre s\u00e9lection de dix \u0153uvres incontournables&hellip;\n","protected":false},"author":2,"featured_media":341016,"comment_status":"","ping_status":"","sticky":false,"template":"","format":"standard","meta":{"footnotes":""},"categories":[1354],"tags":[58,59,1346,1011,27,1360],"class_list":{"0":"post-341015","1":"post","2":"type-post","3":"status-publish","4":"format-standard","5":"has-post-thumbnail","7":"category-films","8":"tag-divertissement","9":"tag-entertainment","10":"tag-films","11":"tag-fr","12":"tag-france","13":"tag-movies"},"share_on_mastodon":{"url":"https:\/\/pubeurope.com\/@fr\/115084820173783566","error":""},"_links":{"self":[{"href":"https:\/\/www.europesays.com\/fr\/wp-json\/wp\/v2\/posts\/341015","targetHints":{"allow":["GET"]}}],"collection":[{"href":"https:\/\/www.europesays.com\/fr\/wp-json\/wp\/v2\/posts"}],"about":[{"href":"https:\/\/www.europesays.com\/fr\/wp-json\/wp\/v2\/types\/post"}],"author":[{"embeddable":true,"href":"https:\/\/www.europesays.com\/fr\/wp-json\/wp\/v2\/users\/2"}],"replies":[{"embeddable":true,"href":"https:\/\/www.europesays.com\/fr\/wp-json\/wp\/v2\/comments?post=341015"}],"version-history":[{"count":0,"href":"https:\/\/www.europesays.com\/fr\/wp-json\/wp\/v2\/posts\/341015\/revisions"}],"wp:featuredmedia":[{"embeddable":true,"href":"https:\/\/www.europesays.com\/fr\/wp-json\/wp\/v2\/media\/341016"}],"wp:attachment":[{"href":"https:\/\/www.europesays.com\/fr\/wp-json\/wp\/v2\/media?parent=341015"}],"wp:term":[{"taxonomy":"category","embeddable":true,"href":"https:\/\/www.europesays.com\/fr\/wp-json\/wp\/v2\/categories?post=341015"},{"taxonomy":"post_tag","embeddable":true,"href":"https:\/\/www.europesays.com\/fr\/wp-json\/wp\/v2\/tags?post=341015"}],"curies":[{"name":"wp","href":"https:\/\/api.w.org\/{rel}","templated":true}]}}