{"id":341017,"date":"2025-08-24T17:02:16","date_gmt":"2025-08-24T17:02:16","guid":{"rendered":"https:\/\/www.europesays.com\/fr\/341017\/"},"modified":"2025-08-24T17:02:16","modified_gmt":"2025-08-24T17:02:16","slug":"entretien-chatgpt-fait-il-du-mal-a-votre-sante-mentale-un-psychologue-specialise-en-usages-numeriques-decrypte-la-psychose-de-lia","status":"publish","type":"post","link":"https:\/\/www.europesays.com\/fr\/341017\/","title":{"rendered":"ENTRETIEN. ChatGPT fait-il du mal \u00e0 votre sant\u00e9 mentale\u00a0? Un psychologue sp\u00e9cialis\u00e9 en usages num\u00e9riques d\u00e9crypte la \u00ab\u00a0psychose de l\u2019IA\u00a0\u00bb"},"content":{"rendered":"<p>\n                                                                    l&rsquo;essentiel<br \/>\n                                                                La \u00ab\u00a0psychose ChatGPT\u00a0\u00bb d\u00e9signe les utilisateurs intensifs de l\u2019intelligence artificielle (IA) qui sombrent dans une perte de contact avec la r\u00e9alit\u00e9.\u00a0Jean-Paul Santoro, psychologue clinicien et cofondateur du site sp\u00e9cialis\u00e9 en psychologie des usages num\u00e9riques \u00ab\u00a0Psycheclic.com\u00a0\u00bb, d\u00e9crypte ce ph\u00e9nom\u00e8ne et d\u00e9voile les signaux d\u2019alerte.\n                            <\/p>\n<p><strong>Comment expliquer la \u00ab\u00a0psychose ChatGPT\u00a0\u00bb, la d\u00e9gradation de\u00a0la sant\u00e9 mentale de certains individus \u00e0 cause du robot\u00a0?<\/strong><\/p>\n<p>Le terme \u00ab\u00a0psychose ChatGPT\u00a0\u00bb\u00a0n\u2019est \u00e9videmment pas valid\u00e9 scientifiquement. Il est utilis\u00e9 parce qu\u2019il y a une ressemblance entre le ph\u00e9nom\u00e8ne qu\u2019il d\u00e9crit et certains aspects de la psychose, \u00e0 savoir la confusion entre la r\u00e9alit\u00e9 et la virtualit\u00e9.\u00a0Les LLM (\u00ab\u00a0Grands mod\u00e8les de langage\u00a0\u00bb en fran\u00e7ais), ces\u00a0<a href=\"https:\/\/www.ladepeche.fr\/economie\/innovation-high-tech\/intelligence-artificielle\/\" target=\"_self\" rel=\"nofollow noopener\">IA<\/a>\u00a0qui g\u00e9n\u00e8rent du texte, comme ChatGPT, pourraient, dans quelques cas rares, provoquer un ph\u00e9nom\u00e8ne de d\u00e9compensation psychique. Concr\u00e8tement, cela se produit quand l\u2019\u00e9quilibre psychologique \u00e9clate.<\/p>\n<p class=\"std-elt__inline\">\n        <strong>\u00c0 lire aussi :<\/strong><br \/>\n        <a href=\"https:\/\/www.ladepeche.fr\/2025\/07\/24\/psychose-chatgpt-un-homme-sombre-dans-la-demence-apres-plusieurs-echanges-avec-lintelligence-artificielle-et-finit-interne-12842916.php\" rel=\"nofollow noopener\" target=\"_blank\">\u00ab\u00a0Psychose ChatGPT\u00a0\u00bb\u00a0: un homme sombre dans la d\u00e9mence apr\u00e8s plusieurs \u00e9changes avec l\u2019intelligence artificielle et finit intern\u00e9<\/a>\n    <\/p>\n<p>        <img decoding=\"async\" class=\"std-img__img responsive-img\" src=\"https:\/\/www.europesays.com\/fr\/wp-content\/uploads\/2025\/08\/1756054936_286_image.jpg\" alt=\"Jean-Paul Santoro, psychologue clinicien et cofondateur du site sp\u00e9cialis\u00e9 en psychologie du num\u00e9rique &quot;Psycheclic.com&quot;\"\/><\/p>\n<p>                Jean-Paul Santoro, psychologue clinicien et cofondateur du site sp\u00e9cialis\u00e9 en psychologie du num\u00e9rique \u00ab\u00a0Psycheclic.com\u00a0\u00bb<br \/>\n                                    DR &#8211; Jean-Paul Santoro<\/p>\n<p><strong>Qu\u2019est-ce qui va pousser les utilisateurs \u00e0 penser que ChatGPT poss\u00e8de une conscience\u00a0?<\/strong><\/p>\n<p>Les LLM imitent le langage humain. Or, comme l\u2019IA \u00ab\u00a0parle\u00a0\u00bb dans le m\u00eame registre que l\u2019utilisateur, ce dernier peut\u00a0lui pr\u00eater des caract\u00e9ristiques qu\u2019il poss\u00e8de, \u00e0 savoir\u00a0une intelligence, une conscience\u2026<\/p>\n<p>N\u2019importe quel individu qui parle avec ChatGPT pourra avoir l\u2019illusion temporaire de discuter avec une vraie personne, mais en gardant en t\u00eate que ce n\u2019est qu\u2019une machine. En revanche, des utilisateurs qui\u00a0sont peut-\u00eatre plus fragiles\u00a0vont potentiellement\u00a0se mettre \u00e0 douter et penser que ce n\u2019est\u00a0pas qu\u2019un robot.\u00a0Ils peuvent alors pr\u00eater \u00e0 l\u2019outil des composantes humaines, une conscience m\u00eame, et donc \u00e9ventuellement une v\u00e9rit\u00e9 \u00e0 son discours, qui est juste pr\u00e9programm\u00e9.<\/p>\n<p><strong>Les\u00a0personnes \u00ab\u00a0plus fragiles\u00a0\u00bb que vous mentionnez sont celles atteintes de troubles de la sant\u00e9 mentale\u00a0?<\/strong><\/p>\n<p>Oui, mais pas uniquement. Cela est aussi le cas des individus\u00a0qui pourraient souffrir de troubles latents, mais qui ne le savent pas eux-m\u00eames et dont\u00a0les proches l\u2019ignorent \u00e9galement.<\/p>\n<p>De plus, ce n\u2019est qu\u2019une hypoth\u00e8se, mais je pense que des personnes qui sont tr\u00e8s habitu\u00e9es aux relations\u00a0virtuelles, au d\u00e9triment des rencontres r\u00e9elles, pourraient aussi \u00eatre plus vuln\u00e9rables.\u00a0Dans une\u00a0soci\u00e9t\u00e9 o\u00f9 on voit moins les personnes physiquement, alors la diff\u00e9rence entre ChatGPT et un humain avec qui je communique par message est plus r\u00e9duite. Cela reste naturellement \u00e0 valider\u00a0scientifiquement.<\/p>\n<p class=\"std-elt__inline\">\n        <strong>\u00c0 lire aussi :<\/strong><br \/>\n        <a href=\"https:\/\/www.ladepeche.fr\/2023\/03\/31\/nous-vivrons-ensemble-au-paradis-eliza-un-robot-est-accusee-davoir-conduit-un-jeune-homme-au-suicide-11101991.php\" rel=\"nofollow noopener\" target=\"_blank\">\u00ab\u00a0Nous vivrons ensemble au paradis\u00a0\u00bb : Eliza, un robot, est accus\u00e9e d&rsquo;avoir conduit un jeune homme au suicide<\/a>\n    <\/p>\n<p><strong>Comment un individu peut-il se rendre compte que ChatGPT a des effets n\u00e9fastes sur sa sant\u00e9 mentale\u00a0?<\/strong><\/p>\n<p>L\u2019utilisateur doit se demander s\u2019il est en train de pr\u00eater une conscience au robot. Concr\u00e8tement, il\u00a0faut qu\u2019il observe les\u00a0termes employ\u00e9s pour d\u00e9signer l\u2019IA\u00a0: parle-t-il de \u00ab\u00a0ChatGPT\u00a0\u00bb ou de \u00ab\u00a0mon ami\u00a0\u00bb\u00a0?<\/p>\n<p>Ensuite, il faut faire attention aux cons\u00e9quences de l\u2019usage\u00a0: s\u2019\u00e9loigner de ses proches, pr\u00e9f\u00e9rer discuter avec la machine plut\u00f4t qu\u2019avec un humain, le faire au d\u00e9triment d\u2019autres activit\u00e9s, ressentir un manque quand on ne peut pas l\u2019utiliser\u2026<\/p>\n<p>Le point central qui doit alerter, c\u2019est le fait d\u2019\u00eatre compl\u00e8tement persuad\u00e9 que ChatGPT dit vrai, de ne pas du tout avoir de doutes. L\u00e0, il est important de consulter un professionnel de la sant\u00e9 mentale. Ce sont fr\u00e9quemment les proches qui donnent le signal d\u2019alerte.<\/p>\n<p>D\u2019une mani\u00e8re g\u00e9n\u00e9rale, le conseil le plus important \u00e0 suivre, c\u2019est que si l\u2019utilisateur ressent une souffrance, il faut qu\u2019il aille consulter.<\/p>\n<p class=\"std-elt__inline\">\n        <strong>\u00c0 lire aussi :<\/strong><br \/>\n        <a href=\"https:\/\/www.ladepeche.fr\/2025\/06\/22\/pour-moi-il-fait-mieux-quun-psy-chatgpt-le-nouveau-confident-12779145.php\" rel=\"nofollow noopener\" target=\"_blank\">\u00ab\u00a0Pour moi, il fait mieux qu&rsquo;un psy\u00a0\u00bb: ChatGPT, le nouveau confident?<\/a>\n    <\/p>\n<p><strong>Est-ce qu\u2019il faudrait \u00e9viter de discuter de sa sant\u00e9 mentale avec ChatGPT\u00a0?<\/strong><\/p>\n<p>Les gens utilisent beaucoup l\u2019IA pour parler de leur ressenti, donc \u00e7a me semble difficile\u00a0d\u2019arr\u00eater cet usage. En revanche, il faudrait agir sur la programmation de ChatGPT. Par exemple, il pourrait pr\u00e9venir syst\u00e9matiquement qu\u2019il n\u2019est pas un professionnel de sant\u00e9. Il le fait dans certains cas, mais pas toujours.<\/p>\n<p>Des r\u00e9flexions sont en cours concernant la question de l\u2019\u00e9thique de l\u2019IA dans la sant\u00e9 mentale\u00a0: transparence, respect de la vie priv\u00e9e, pr\u00e9vention des biais\u00a0etc. Une \u00e9ducation aux <a href=\"https:\/\/www.ladepeche.fr\/economie\/medias-communication\/\" target=\"_self\" rel=\"nofollow noopener\">m\u00e9dias<\/a> devrait \u00eatre d\u00e9velopp\u00e9e \u00e0 l\u2019avenir, pour \u00e9voquer notamment les risques et l\u2019utilisation saine des LLM.<\/p>\n","protected":false},"excerpt":{"rendered":"l&rsquo;essentiel La \u00ab\u00a0psychose ChatGPT\u00a0\u00bb d\u00e9signe les utilisateurs intensifs de l\u2019intelligence artificielle (IA) qui sombrent dans une perte de&hellip;\n","protected":false},"author":2,"featured_media":341018,"comment_status":"","ping_status":"","sticky":false,"template":"","format":"standard","meta":{"footnotes":""},"categories":[10],"tags":[1011,27,72,71],"class_list":{"0":"post-341017","1":"post","2":"type-post","3":"status-publish","4":"format-standard","5":"has-post-thumbnail","7":"category-sante","8":"tag-fr","9":"tag-france","10":"tag-health","11":"tag-sante"},"share_on_mastodon":{"url":"https:\/\/pubeurope.com\/@fr\/115084823422575800","error":""},"_links":{"self":[{"href":"https:\/\/www.europesays.com\/fr\/wp-json\/wp\/v2\/posts\/341017","targetHints":{"allow":["GET"]}}],"collection":[{"href":"https:\/\/www.europesays.com\/fr\/wp-json\/wp\/v2\/posts"}],"about":[{"href":"https:\/\/www.europesays.com\/fr\/wp-json\/wp\/v2\/types\/post"}],"author":[{"embeddable":true,"href":"https:\/\/www.europesays.com\/fr\/wp-json\/wp\/v2\/users\/2"}],"replies":[{"embeddable":true,"href":"https:\/\/www.europesays.com\/fr\/wp-json\/wp\/v2\/comments?post=341017"}],"version-history":[{"count":0,"href":"https:\/\/www.europesays.com\/fr\/wp-json\/wp\/v2\/posts\/341017\/revisions"}],"wp:featuredmedia":[{"embeddable":true,"href":"https:\/\/www.europesays.com\/fr\/wp-json\/wp\/v2\/media\/341018"}],"wp:attachment":[{"href":"https:\/\/www.europesays.com\/fr\/wp-json\/wp\/v2\/media?parent=341017"}],"wp:term":[{"taxonomy":"category","embeddable":true,"href":"https:\/\/www.europesays.com\/fr\/wp-json\/wp\/v2\/categories?post=341017"},{"taxonomy":"post_tag","embeddable":true,"href":"https:\/\/www.europesays.com\/fr\/wp-json\/wp\/v2\/tags?post=341017"}],"curies":[{"name":"wp","href":"https:\/\/api.w.org\/{rel}","templated":true}]}}