{"id":341019,"date":"2025-08-24T17:03:09","date_gmt":"2025-08-24T17:03:09","guid":{"rendered":"https:\/\/www.europesays.com\/fr\/341019\/"},"modified":"2025-08-24T17:03:09","modified_gmt":"2025-08-24T17:03:09","slug":"morton-sulc-karabec-les-recrues-de-lol-mettent-deja-tout-le-monde-daccord","status":"publish","type":"post","link":"https:\/\/www.europesays.com\/fr\/341019\/","title":{"rendered":"Morton, Sulc, Karabec\u2026 les recrues de l\u2019OL mettent d\u00e9j\u00e0 tout le monde d\u2019accord !"},"content":{"rendered":"<p>L\u2019OL re\u00e7u six sur six. Apr\u00e8s une victoire s\u00e9duisante sur la pelouse du RC Lens (1-0), le club rhodanien a confirm\u00e9, samedi soir, ses bonnes dispositions en ce d\u00e9but de saison 2025-2026. Suite \u00e0 un \u00e9t\u00e9 agit\u00e9 &#8211; marqu\u00e9 par la mise \u00e0 l\u2019\u00e9cart de John Textor et un large remaniement d\u2019effectif &#8211; les Gones ont retrouv\u00e9 les terrains et les voyants sont, pour l\u2019heure, au vert. De retour au Groupama Stadium lors de la 2e journ\u00e9e de <a href=\"https:\/\/www.footmercato.net\/france\/ligue-1\/\" rel=\"nofollow noopener\" target=\"_blank\">Ligue 1<\/a>, l\u2019OL a v\u00e9cu une soir\u00e9e relativement tranquille face au FC Metz avec une large victoire (3-0). Si tout n\u2019est pas encore parfait, les co\u00e9quipiers de Georges Mikautadze, <a href=\"https:\/\/www.footmercato.net\/france\/ligue-1\/classement\" rel=\"nofollow noopener\" target=\"_blank\">provisoirement en t\u00eate du championnat<\/a>, s\u2019avancent, quoi qu\u2019il en soit, avec le plein de confiance au moment de pr\u00e9parer la venue de l\u2019OM dimanche prochain \u00e0 D\u00e9cines.<\/p>\n<p>            La suite apr\u00e8s cette publicit\u00e9<\/p>\n<p>\u00abCe qui me pla\u00eet le plus dans le jeu de notre \u00e9quipe, c\u2019est la ma\u00eetrise globale du jeu, m\u00eame si cela n\u2019a pas \u00e9t\u00e9 un match parfait et qu\u2019il y a eu des moments o\u00f9 on n\u2019a pas \u00e9t\u00e9 trop bien dans le pressing. On a toujours gard\u00e9 de la stabilit\u00e9, on n\u2019a pas conc\u00e9d\u00e9 trop d\u2019occasions et on a encore r\u00e9ussi \u00e0 faire un clean-sheet\u00bb, assurait \u00e0 ce titre Jorge Maciel, entra\u00eeneur-adjoint de l\u2019OL apr\u00e8s le succ\u00e8s des siens face aux Grenats. Id\u00e9alement lanc\u00e9 par Malick Fofana, auteur d\u2019un superbe but, l\u2019OL a ensuite pu compter sur l\u2019exp\u00e9riment\u00e9 Corentin Tolisso avant que le nouveau renfort de l\u2019\u00e9t\u00e9, <a href=\"https:\/\/www.footmercato.net\/joueur\/adam-karabec\/\" rel=\"nofollow noopener\" target=\"_blank\">Adam Karabec<\/a>, ne parach\u00e8ve la victoire des siens. <\/p>\n<p>            La suite apr\u00e8s cette publicit\u00e9<\/p>\n<p>        Des recrues d\u00e9j\u00e0 d\u00e9cisives<\/p>\n<p>Entr\u00e9 en jeu pour le dernier quart d\u2019heure, le Tch\u00e8que de 22 ans a d\u2019ailleurs marqu\u00e9 de pr\u00e9cieux points. Port\u00e9 vers l\u2019avant, juste techniquement et d\u00e9j\u00e0 buteur, Karabec n\u2019est pourtant pas la seule recrue \u00e0 avoir brill\u00e9. D\u00e8s lors, si Afonso Moreira et Ruben Kluivert ont \u00e9galement glan\u00e9 quelques minutes de jeu, la prestation de <a href=\"https:\/\/www.footmercato.net\/joueur\/tyler-morton-1\/\" rel=\"nofollow noopener\" target=\"_blank\">Tyler Morton<\/a> dans l\u2019entrejeu n\u2019est elle clairement pas pass\u00e9e inaper\u00e7ue. Auteur d\u2019un match plein \u00e0 Lens, le transfuge de Liverpool est encore sorti du lot : 100% de duels remport\u00e9s, 3 ballons r\u00e9cup\u00e9r\u00e9s, 91% de passes r\u00e9ussies et une sublime ouverture adress\u00e9e \u00e0 Maitland-Niles sur le second but de l\u2019OL. Autoritaire dans ses interventions, l\u2019Anglais de 22 ans a finalement largement tenu son rang. <\/p>\n<p>Dans son sillage, que dire de <a href=\"https:\/\/www.footmercato.net\/joueur\/pavel-sulc\/\" rel=\"nofollow noopener\" target=\"_blank\">Pavel<\/a> Sulc, titularis\u00e9 pour la premi\u00e8re fois en Ligue 1. Align\u00e9 sur le front de l\u2019attaque aux c\u00f4t\u00e9s de Mikautadze et Fofana, l\u2019autre tch\u00e8que de 24 ans s\u2019est lui aussi illustr\u00e9 positivement. Passeur d\u00e9cisif d\u00e8s la 25e minute de jeu, il a ensuite apport\u00e9 toutes ses qualit\u00e9s de percussion face au jeune Urie-Michel Mboula. Pas toujours en r\u00e9ussite (0 tir cadr\u00e9, 1 petit duel remport\u00e9), l\u2019ex-joueur du Viktoria Plzen a malgr\u00e9 tout rendu une copie plus que coh\u00e9rente. Pr\u00e9sent au micro de Ligue1+ apr\u00e8s la rencontre, Clinton Mata ne s\u2019y trompait d\u2019ailleurs pas et soulignait l\u2019apport de ces recrues estivales.<\/p>\n<p>            La suite apr\u00e8s cette publicit\u00e9<\/p>\n<p>\u00abOn ne pouvait pas r\u00eaver mieux, la victoire \u00e0 domicile \u00e9tait super importante, on a mis les ingr\u00e9dients qu\u2019il fallait pour gagner ce match m\u00eame si c\u2019\u00e9tait un peu plus difficile en premi\u00e8re mi-temps. Metz attendait notre erreur et on a \u00e9t\u00e9 tr\u00e8s vigilant sur cet aspect. Le score est m\u00e9rit\u00e9. Je ne suis pas surpris du niveau de l\u2019OL, depuis l\u2019ann\u00e9e derni\u00e8re on a gard\u00e9 les m\u00eames principes de jeu, on a certes perdu en qualit\u00e9 mais on a des jeunes qui toquent \u00e0 la porte de l\u2019\u00e9quipe premi\u00e8re, des nouvelles recrues, c\u2019est une nouvelle \u00e8re et on doit continuer sur cette lanc\u00e9e\u00bb, affirmait le d\u00e9fenseur de 32 ans. Morton, Sulc, Karabec\u2026 l\u2019OL semble avoir vis\u00e9 juste cet \u00e9t\u00e9 et <a href=\"https:\/\/www.footmercato.net\/a634283629914058334-lol-annonce-un-sprint-final-de-mercato-bouillant\" rel=\"nofollow noopener\" target=\"_blank\">c\u2019est encore loin d\u2019\u00eatre termin\u00e9 au regard des propos tenus par son directeur sportif Matthieu Louis-Jean<\/a>.<\/p>\n<p>\n    Pub. le 24\/08\/2025 18:32<br \/>\n            &#8211; MAJ le 24\/08\/2025 19:01\n    <\/p>\n","protected":false},"excerpt":{"rendered":"L\u2019OL re\u00e7u six sur six. Apr\u00e8s une victoire s\u00e9duisante sur la pelouse du RC Lens (1-0), le club&hellip;\n","protected":false},"author":2,"featured_media":341020,"comment_status":"","ping_status":"","sticky":false,"template":"","format":"standard","meta":{"footnotes":""},"categories":[9],"tags":[1011,27,60],"class_list":{"0":"post-341019","1":"post","2":"type-post","3":"status-publish","4":"format-standard","5":"has-post-thumbnail","7":"category-sports","8":"tag-fr","9":"tag-france","10":"tag-sports"},"share_on_mastodon":{"url":"https:\/\/pubeurope.com\/@fr\/115084827343602456","error":""},"_links":{"self":[{"href":"https:\/\/www.europesays.com\/fr\/wp-json\/wp\/v2\/posts\/341019","targetHints":{"allow":["GET"]}}],"collection":[{"href":"https:\/\/www.europesays.com\/fr\/wp-json\/wp\/v2\/posts"}],"about":[{"href":"https:\/\/www.europesays.com\/fr\/wp-json\/wp\/v2\/types\/post"}],"author":[{"embeddable":true,"href":"https:\/\/www.europesays.com\/fr\/wp-json\/wp\/v2\/users\/2"}],"replies":[{"embeddable":true,"href":"https:\/\/www.europesays.com\/fr\/wp-json\/wp\/v2\/comments?post=341019"}],"version-history":[{"count":0,"href":"https:\/\/www.europesays.com\/fr\/wp-json\/wp\/v2\/posts\/341019\/revisions"}],"wp:featuredmedia":[{"embeddable":true,"href":"https:\/\/www.europesays.com\/fr\/wp-json\/wp\/v2\/media\/341020"}],"wp:attachment":[{"href":"https:\/\/www.europesays.com\/fr\/wp-json\/wp\/v2\/media?parent=341019"}],"wp:term":[{"taxonomy":"category","embeddable":true,"href":"https:\/\/www.europesays.com\/fr\/wp-json\/wp\/v2\/categories?post=341019"},{"taxonomy":"post_tag","embeddable":true,"href":"https:\/\/www.europesays.com\/fr\/wp-json\/wp\/v2\/tags?post=341019"}],"curies":[{"name":"wp","href":"https:\/\/api.w.org\/{rel}","templated":true}]}}