{"id":341021,"date":"2025-08-24T17:04:09","date_gmt":"2025-08-24T17:04:09","guid":{"rendered":"https:\/\/www.europesays.com\/fr\/341021\/"},"modified":"2025-08-24T17:04:09","modified_gmt":"2025-08-24T17:04:09","slug":"olivier-truchot-contraint-de-reporter-sa-rentree-sur-rmc-et-bfmtv","status":"publish","type":"post","link":"https:\/\/www.europesays.com\/fr\/341021\/","title":{"rendered":"Olivier Truchot contraint de reporter sa rentr\u00e9e sur RMC et BFMTV"},"content":{"rendered":"<p>Olivier Truchot devait faire sa rentr\u00e9e ce lundi matin sur <a href=\"https:\/\/www.20minutes.fr\/dossier\/rmc\" class=\"c-link c-link--is-underlined\" rel=\"nofollow noopener\" target=\"_blank\">RMC<\/a> et en soir\u00e9e sur <a href=\"https:\/\/www.20minutes.fr\/dossier\/bfm_tv\" class=\"c-link c-link--is-underlined\" rel=\"nofollow noopener\" target=\"_blank\">BFMTV<\/a>.<\/p>\n<p>Ce dimanche, le journaliste annonce sur son compte X que son retour \u00e0 l\u2019antenne est \u00ab\u00a0d\u00e9cal\u00e9 \u00e0 jeudi\u00a0\u00bb \u00ab\u00a0en raison d\u2019un contretemps personnel de fin de vacances\u00a0\u00bb au sujet duquel il ne donne aucune pr\u00e9cision.<\/p>\n<blockquote class=\"twitter-tweet\" align=\"center\" data-lang=\"fr_FR\">\n<p lang=\"fr\" dir=\"ltr\">En raison d\u2019un contretemps personnel de fin de vacances, rentr\u00e9e d\u00e9cal\u00e9e \u00e0 jeudi. <br \/>H\u00e2te de d\u00e9marrer cette nouvelle saison des GG et retrouver mon comp\u00e8re dans <a href=\"https:\/\/twitter.com\/hashtag\/MarschallTruchot?src=hash&amp;ref_src=twsrc%5Etfw\" rel=\"nofollow noopener\" target=\"_blank\">#MarschallTruchot<\/a> sur BFMTV. <br \/>A jeudi !<\/p>\n<p>\u2014 Olivier Truchot (@Olivier_Truchot) <a href=\"https:\/\/twitter.com\/Olivier_Truchot\/status\/1959633652570325454?ref_src=twsrc%5Etfw\" rel=\"nofollow noopener\" target=\"_blank\">August 24, 2025<\/a><\/p><\/blockquote>\n<p class=\"mb-xxl@xs color-ultramarine font-weight-semi-bold@xs font-source-serif-pro heading-s@xs\">L\u2019acc\u00e8s \u00e0 ce contenu a \u00e9t\u00e9 bloqu\u00e9 afin de respecter votre choix de consentement<\/p>\n<p class=\"mb-m@xs text-l@xs\">En cliquant sur\u00ab J\u2019accepte \u00bb, vous acceptez le d\u00e9p\u00f4t de cookies par des services externes et aurez ainsi acc\u00e8s aux contenus de nos partenaires.<\/p>\n<p class=\"mb-xl@xs text-s@xs\">Plus d\u2019informations sur la page<a href=\"https:\/\/www.20minutes.fr\/gestion-cookies\" class=\"mx-xxs@xs color-ultramarine\" rel=\"nofollow noopener\" target=\"_blank\">Politique de gestion des cookies<\/a><\/p>\n<p>J\u2019accepte<\/p>\n<p>C\u2019est donc sans lui qu\u2019Alain Marschall lancera la nouvelle saison des \u00ab\u00a0Grandes Gueules\u00a0\u00bb sur RMC. Ce lundi, dans l\u2019\u00e9mission lanc\u00e9e \u00e0 9 heures et diffus\u00e9e en simultan\u00e9 sur RMC Story, il devrait \u00eatre entour\u00e9 de l\u2019avocat <a href=\"https:\/\/www.20minutes.fr\/dossier\/charles-consigny\" class=\"c-link c-link--is-underlined\" rel=\"nofollow noopener\" target=\"_blank\">Charles Consigny<\/a>, de l\u2019enseignante Fatima A\u00eft Bounous et de l\u2019\u00e9leveur Didier Giraud.<\/p>\n<p><a href=\"https:\/\/www.20minutes.fr\/arts-stars\/medias\/\" class=\"c-link c-btn c-btn--primary\" rel=\"nofollow noopener\" target=\"_blank\">Tous nos articles M\u00e9dias<\/a><\/p>\n<p>Le retour de \u00ab\u00a0BFM Story\u00a0\u00bb sur BFMTV se fera \u00e9galement sans Olivier Truchot. A noter que, \u00e0 partir de ce lundi, Charles Consigny succ\u00e8de \u00e0 l\u2019\u00e9ditorialiste Alain Duhamel et <a href=\"https:\/\/programmetv.ouest-france.fr\/chaines\/programme-tv-bfm-tv-481\/charles-consigny-avocat-et-chroniqueur-des-grandes-gueules-succede-a-alain-duhamel-sur-bfmtv-b9d1bbe6-7f38-11f0-a77f-922a296422d8\" rel=\"nofollow noopener\" target=\"_blank\" class=\"c-link c-link--is-underlined\">assurera un nouveau rendez-vous, \u00ab\u00a0Sign\u00e9 Consigny\u00a0\u00bb<\/a> \u00e0 18h30, dans la tranche men\u00e9e par Alain Marschall et Olivier Truchot de 18 heures \u00e0 20 heures.<\/p>\n<p><script async src=\"https:\/\/platform.twitter.com\/widgets.js\" charset=\"utf-8\"><\/script><\/p>\n","protected":false},"excerpt":{"rendered":"Olivier Truchot devait faire sa rentr\u00e9e ce lundi matin sur RMC et en soir\u00e9e sur BFMTV. Ce dimanche,&hellip;\n","protected":false},"author":2,"featured_media":341022,"comment_status":"","ping_status":"","sticky":false,"template":"","format":"standard","meta":{"footnotes":""},"categories":[8],"tags":[10831,40305,58,59,1011,27,500,1825,10319,252],"class_list":{"0":"post-341021","1":"post","2":"type-post","3":"status-publish","4":"format-standard","5":"has-post-thumbnail","7":"category-divertissement","8":"tag-bfmtv","9":"tag-charles-consigny","10":"tag-divertissement","11":"tag-entertainment","12":"tag-fr","13":"tag-france","14":"tag-medias","15":"tag-radio","16":"tag-rmc","17":"tag-television"},"share_on_mastodon":{"url":"https:\/\/pubeurope.com\/@fr\/115084831250198298","error":""},"_links":{"self":[{"href":"https:\/\/www.europesays.com\/fr\/wp-json\/wp\/v2\/posts\/341021","targetHints":{"allow":["GET"]}}],"collection":[{"href":"https:\/\/www.europesays.com\/fr\/wp-json\/wp\/v2\/posts"}],"about":[{"href":"https:\/\/www.europesays.com\/fr\/wp-json\/wp\/v2\/types\/post"}],"author":[{"embeddable":true,"href":"https:\/\/www.europesays.com\/fr\/wp-json\/wp\/v2\/users\/2"}],"replies":[{"embeddable":true,"href":"https:\/\/www.europesays.com\/fr\/wp-json\/wp\/v2\/comments?post=341021"}],"version-history":[{"count":0,"href":"https:\/\/www.europesays.com\/fr\/wp-json\/wp\/v2\/posts\/341021\/revisions"}],"wp:featuredmedia":[{"embeddable":true,"href":"https:\/\/www.europesays.com\/fr\/wp-json\/wp\/v2\/media\/341022"}],"wp:attachment":[{"href":"https:\/\/www.europesays.com\/fr\/wp-json\/wp\/v2\/media?parent=341021"}],"wp:term":[{"taxonomy":"category","embeddable":true,"href":"https:\/\/www.europesays.com\/fr\/wp-json\/wp\/v2\/categories?post=341021"},{"taxonomy":"post_tag","embeddable":true,"href":"https:\/\/www.europesays.com\/fr\/wp-json\/wp\/v2\/tags?post=341021"}],"curies":[{"name":"wp","href":"https:\/\/api.w.org\/{rel}","templated":true}]}}