{"id":341028,"date":"2025-08-24T17:08:13","date_gmt":"2025-08-24T17:08:13","guid":{"rendered":"https:\/\/www.europesays.com\/fr\/341028\/"},"modified":"2025-08-24T17:08:13","modified_gmt":"2025-08-24T17:08:13","slug":"un-homme-juge-lundi-pour-des-tags-free-palestine-sur-des-voitures","status":"publish","type":"post","link":"https:\/\/www.europesays.com\/fr\/341028\/","title":{"rendered":"Un homme jug\u00e9 lundi pour des tags \u00ab\u00a0Free Palestine\u00a0\u00bb sur des voitures"},"content":{"rendered":"<p>Il a reconnu \u00eatre l\u2019auteur de <a href=\"https:\/\/www.20minutes.fr\/faits_divers\/4168819-20250821-alpes-enquete-apres-tags-free-palestine-voitures-touristes-juifs\" class=\"c-link c-link--is-underlined\" target=\"_blank\" rel=\"noopener\">tags \u00ab\u00a0Free Palestine\u00a0\u00bb sur des voitures<\/a>, dont certaines appartenant \u00e0 des personnes de <a href=\"https:\/\/www.20minutes.fr\/dossier\/juif\" class=\"c-link c-link--is-underlined\" target=\"_blank\" rel=\"noopener\">confession juive<\/a>, \u00e0 Ch\u00e2tel (<a href=\"https:\/\/www.20minutes.fr\/societe\/haute-savoie\/\" class=\"c-link c-link--is-underlined\" target=\"_blank\" rel=\"noopener\">Haute-Savoie<\/a>). Il sera jug\u00e9 lundi apr\u00e8s midi pour \u00ab\u00a0d\u00e9gradation du bien d\u2019autrui commise en raison de l\u2019appartenance, r\u00e9elle ou suppos\u00e9e, de la victime \u00e0 une nation ou \u00e0 une religion\u00a0\u00bb fait savoir ce dimanche Xavier Goux-Thiercelin, procureur de la R\u00e9publique de Thonon-les-Bains.<\/p>\n<p>Dans la nuit de mardi \u00e0 mercredi, huit automobiles ont \u00e9t\u00e9 tagu\u00e9es. Quatre d\u2019entre elles appartiennent \u00e0 des Britanniques, membres de la communaut\u00e9 juive Loubavitch, venus passer des vacances \u00e0 Ch\u00e2tel. Les quatre autres voitures \u00ab\u00a0pr\u00e9sentent des ressemblances avec des v\u00e9hicules utilis\u00e9s par des membres de cette communaut\u00e9\u00a0\u00bb, pr\u00e9cise le communiqu\u00e9 du procureur de la R\u00e9publique.<\/p>\n<p>Une enqu\u00eate pour \u00ab\u00a0d\u00e9gradation ou d\u00e9t\u00e9rioration du bien d\u2019autrui commise en raison de la pr\u00e9tendue race, de l\u2019ethnie, de la nation ou de la <a href=\"https:\/\/www.20minutes.fr\/dossier\/religion\" class=\"c-link c-link--is-underlined\" target=\"_blank\" rel=\"noopener\">religion<\/a> de la victime\u00a0\u00bb avait \u00e9t\u00e9 ouverte.<\/p>\n<p>L\u2019homme dit \u00ab\u00a0regretter les faits\u00a0\u00bb<\/p>\n<p>Men\u00e9e par la brigade de recherches de la compagnie de gendarmerie de Thonon-les-Bains, appuy\u00e9e par l\u2019Office central de lutte contre les crimes contre l\u2019humanit\u00e9 et les crimes de haine de la gendarmerie nationale, elle a permis d\u2019identifier un suspect, utilisateur d\u2019un v\u00e9hicule pr\u00e9sent \u00e0 proximit\u00e9 des diff\u00e9rents faits.<\/p>\n<\/p>\n<p>Plac\u00e9 en garde \u00e0 vue, cet homme, un saisonnier de 32 ans, a commenc\u00e9 par nier les faits avant de les reconna\u00eetre, indique le procureur.<\/p>\n<p>Il a expliqu\u00e9 avoir voulu taguer les v\u00e9hicules de \u00ab\u00a0juifs isra\u00e9liens\u00a0\u00bb pour \u00ab\u00a0faire entendre sa voix et passer un message sur <a href=\"https:\/\/www.20minutes.fr\/monde\/palestine\/\" class=\"c-link c-link--is-underlined\" target=\"_blank\" rel=\"noopener\">la Palestine<\/a>\u00a0\u00bb et a d\u00e9clar\u00e9 \u00ab\u00a0regretter les faits\u00a0\u00bb, poursuit la source.<\/p>\n<p>L\u2019homme a d\u00e9j\u00e0 \u00e9t\u00e9 condamn\u00e9 pour vol en\u00a02018 et pour deux faits d\u2019infractions routi\u00e8res entre\u00a02022 et\u00a02023.<\/p>\n","protected":false},"excerpt":{"rendered":"Il a reconnu \u00eatre l\u2019auteur de tags \u00ab\u00a0Free Palestine\u00a0\u00bb sur des voitures, dont certaines appartenant \u00e0 des personnes&hellip;\n","protected":false},"author":2,"featured_media":341029,"comment_status":"","ping_status":"","sticky":false,"template":"","format":"standard","meta":{"footnotes":""},"categories":[4],"tags":[47,11,3259,1011,27,4638,664,303,12,3518,25,104],"class_list":{"0":"post-341028","1":"post","2":"type-post","3":"status-publish","4":"format-standard","5":"has-post-thumbnail","7":"category-france","8":"tag-actualite","9":"tag-actualites","10":"tag-conflit-israelo-palestinien","11":"tag-fr","12":"tag-france","13":"tag-haute-savoie","14":"tag-israel","15":"tag-justice","16":"tag-news","17":"tag-palestine","18":"tag-republique-francaise","19":"tag-societe"},"share_on_mastodon":{"url":"https:\/\/pubeurope.com\/@fr\/115084846958470416","error":""},"_links":{"self":[{"href":"https:\/\/www.europesays.com\/fr\/wp-json\/wp\/v2\/posts\/341028","targetHints":{"allow":["GET"]}}],"collection":[{"href":"https:\/\/www.europesays.com\/fr\/wp-json\/wp\/v2\/posts"}],"about":[{"href":"https:\/\/www.europesays.com\/fr\/wp-json\/wp\/v2\/types\/post"}],"author":[{"embeddable":true,"href":"https:\/\/www.europesays.com\/fr\/wp-json\/wp\/v2\/users\/2"}],"replies":[{"embeddable":true,"href":"https:\/\/www.europesays.com\/fr\/wp-json\/wp\/v2\/comments?post=341028"}],"version-history":[{"count":0,"href":"https:\/\/www.europesays.com\/fr\/wp-json\/wp\/v2\/posts\/341028\/revisions"}],"wp:featuredmedia":[{"embeddable":true,"href":"https:\/\/www.europesays.com\/fr\/wp-json\/wp\/v2\/media\/341029"}],"wp:attachment":[{"href":"https:\/\/www.europesays.com\/fr\/wp-json\/wp\/v2\/media?parent=341028"}],"wp:term":[{"taxonomy":"category","embeddable":true,"href":"https:\/\/www.europesays.com\/fr\/wp-json\/wp\/v2\/categories?post=341028"},{"taxonomy":"post_tag","embeddable":true,"href":"https:\/\/www.europesays.com\/fr\/wp-json\/wp\/v2\/tags?post=341028"}],"curies":[{"name":"wp","href":"https:\/\/api.w.org\/{rel}","templated":true}]}}