{"id":341032,"date":"2025-08-24T17:10:16","date_gmt":"2025-08-24T17:10:16","guid":{"rendered":"https:\/\/www.europesays.com\/fr\/341032\/"},"modified":"2025-08-24T17:10:16","modified_gmt":"2025-08-24T17:10:16","slug":"saint-etienne-la-maison-rouge-cette-auberge-independante-qui-rend-le-cret-de-roc-international","status":"publish","type":"post","link":"https:\/\/www.europesays.com\/fr\/341032\/","title":{"rendered":"Saint-\u00c9tienne. La Maison rouge, cette auberge ind\u00e9pendante qui rend le Cr\u00eat-de-Roc international"},"content":{"rendered":"<p>C\u2019est un grand b\u00e2timent de plusieurs \u00e9tages dot\u00e9 d\u2019une fa\u00e7ade ocre rouge facilement reconnaissable. Quand on arrive \u00e0 la Maison rouge, on est accueilli par Diana Zazueta et Isabelle Goutte, les deux salari\u00e9es qui font vivre le lieu. La Maison rouge est une auberge organis\u00e9e en \u00e9tage qui propose des petits-d\u00e9jeuners et un brunch le dimanche. Au rez-de-chauss\u00e9e se tient l\u2019accueil.<\/p>\n<p>\u00c0 l\u2019\u00e9tage du bas, l\u2019espace des douches. \u00c0 l\u2019\u00e9tage du dessus, le dortoir et ses quatorze couchages individuels insolites.<\/p>\n<p>\u00ab\u00a0Lit-cabane\u00a0\u00bb et local \u00e0 v\u00e9lo<\/p>\n<p>Apr\u00e8s avoir r\u00e9serv\u00e9 une nuit, vous trouverez votre \u00ab lit-cabane\u00a0\u00bb compos\u00e9 d\u2019un matelas et sa lumi\u00e8re individuelle, surmontant des caisses de rangement, le tout calfeutr\u00e9 par une toile en tissu occultant. Ainsi, si les quatorze&#8230;<\/p>\n","protected":false},"excerpt":{"rendered":"C\u2019est un grand b\u00e2timent de plusieurs \u00e9tages dot\u00e9 d\u2019une fa\u00e7ade ocre rouge facilement reconnaissable. Quand on arrive \u00e0&hellip;\n","protected":false},"author":2,"featured_media":341033,"comment_status":"","ping_status":"","sticky":false,"template":"","format":"standard","meta":{"footnotes":""},"categories":[9653],"tags":[1111,11,2430,4406,33,7539,1777,674,1011,27,12,25,4001,7538],"class_list":{"0":"post-341032","1":"post","2":"type-post","3":"status-publish","4":"format-standard","5":"has-post-thumbnail","7":"category-saint-etienne","8":"tag-actu","9":"tag-actualites","10":"tag-auvergne-rhone-alpes","11":"tag-commerce-et-services","12":"tag-economie","13":"tag-edition-loire-sud","14":"tag-eu","15":"tag-europe","16":"tag-fr","17":"tag-france","18":"tag-news","19":"tag-republique-francaise","20":"tag-saint-etienne","21":"tag-saint-etienne-ville"},"share_on_mastodon":{"url":"https:\/\/pubeurope.com\/@fr\/115084854888883565","error":""},"_links":{"self":[{"href":"https:\/\/www.europesays.com\/fr\/wp-json\/wp\/v2\/posts\/341032","targetHints":{"allow":["GET"]}}],"collection":[{"href":"https:\/\/www.europesays.com\/fr\/wp-json\/wp\/v2\/posts"}],"about":[{"href":"https:\/\/www.europesays.com\/fr\/wp-json\/wp\/v2\/types\/post"}],"author":[{"embeddable":true,"href":"https:\/\/www.europesays.com\/fr\/wp-json\/wp\/v2\/users\/2"}],"replies":[{"embeddable":true,"href":"https:\/\/www.europesays.com\/fr\/wp-json\/wp\/v2\/comments?post=341032"}],"version-history":[{"count":0,"href":"https:\/\/www.europesays.com\/fr\/wp-json\/wp\/v2\/posts\/341032\/revisions"}],"wp:featuredmedia":[{"embeddable":true,"href":"https:\/\/www.europesays.com\/fr\/wp-json\/wp\/v2\/media\/341033"}],"wp:attachment":[{"href":"https:\/\/www.europesays.com\/fr\/wp-json\/wp\/v2\/media?parent=341032"}],"wp:term":[{"taxonomy":"category","embeddable":true,"href":"https:\/\/www.europesays.com\/fr\/wp-json\/wp\/v2\/categories?post=341032"},{"taxonomy":"post_tag","embeddable":true,"href":"https:\/\/www.europesays.com\/fr\/wp-json\/wp\/v2\/tags?post=341032"}],"curies":[{"name":"wp","href":"https:\/\/api.w.org\/{rel}","templated":true}]}}