{"id":341034,"date":"2025-08-24T17:11:13","date_gmt":"2025-08-24T17:11:13","guid":{"rendered":"https:\/\/www.europesays.com\/fr\/341034\/"},"modified":"2025-08-24T17:11:13","modified_gmt":"2025-08-24T17:11:13","slug":"un-depart-tres-prejudiciable-concede-dans-la-derniere-ligne-droite-du-mercato","status":"publish","type":"post","link":"https:\/\/www.europesays.com\/fr\/341034\/","title":{"rendered":"Un d\u00e9part tr\u00e8s pr\u00e9judiciable conc\u00e9d\u00e9 dans la derni\u00e8re ligne droite du mercato ?"},"content":{"rendered":"<p>                                            Publi\u00e9 le 24\/08\/2025 \u00e0 18h31<br \/>\n                                                                                3 minutes de lecture\n                                                                    <\/p>\n<p>L\u00a0\u00bbavenir de <strong>Lucas Stassin<\/strong> \u00e0 l&rsquo;AS Saint-\u00c9tienne demeure plus incertain que jamais en cette fin de mercato estival. Le jeune attaquant belge de <strong>20 ans<\/strong>, qui s&rsquo;\u00e9tait impos\u00e9 comme l&rsquo;une des r\u00e9v\u00e9lations majeures de Ligue 1 lors de l&rsquo;exercice pr\u00e9c\u00e9dent, continue d&rsquo;alimenter les sp\u00e9culations concernant un potentiel d\u00e9part du Forez. Avec un bilan impressionnant de <strong>14 r\u00e9alisations<\/strong> au compteur la saison pass\u00e9e, l&rsquo;international espoir belge a naturellement attir\u00e9 les convoitises de plusieurs formations, notamment celle du Paris FC qui avait manifest\u00e9 un int\u00e9r\u00eat concret pour ses services. Cette situation d\u00e9licate place les dirigeants st\u00e9phanois dans une position d&rsquo;attente, alors que la derni\u00e8re semaine du mercato s&rsquo;annonce d\u00e9cisive pour l&rsquo;avenir du buteur prometteur. Les performances remarquables de Stassin et sa proximit\u00e9 avec une s\u00e9lection en \u00e9quipe nationale belge renforcent encore davantage son attractivit\u00e9 sur le march\u00e9 des transferts.<\/p>\n<p>                                <img decoding=\"async\" src=\"https:\/\/www.europesays.com\/fr\/wp-content\/uploads\/2025\/04\/1744123449_543_logo.png\" alt=\"Logo\"\/><\/p>\n<p>100\u20ac offerts sur ton 1er pari !<\/p>\n<p>                            <a href=\"https:\/\/bit.ly\/4j5wl4k\" class=\"headband-button\" rel=\"nofollow noopener\" target=\"_blank\">J&rsquo;en profite<\/a><\/p>\n<p>                                                                <img loading=\"lazy\" decoding=\"async\" src=\"https:\/\/www.europesays.com\/fr\/wp-content\/uploads\/2025\/08\/mercato-asse-un-depart-tres-prejudiciable-concede-dans-la-derniere-ligne-droite-du-mercato.jpg\" alt=\"Illustration : &quot;Mercato ASSE : Un d\u00e9part tr\u00e8s pr\u00e9judiciable conc\u00e9d\u00e9 dans la derni\u00e8re ligne droite du mercato ?&quot;\" class=\"figure-img img-fluid\" width=\"780\" height=\"478\"\/><\/p>\n<p>                                    \u00a9 Site officiel de l&rsquo;ASSE                                <\/p>\n<p>Des d\u00e9clarations qui entretiennent le myst\u00e8re<\/p>\n<p>Suite \u00e0 la victoire obtenue par les Verts face \u00e0 Boulogne-sur-Mer sur le score de <strong>0-1<\/strong> ce samedi, Lucas Stassin a livr\u00e9 des propos particuli\u00e8rement \u00e9vasifs concernant son engagement futur avec le club lig\u00e9rien. Interrog\u00e9 par les journalistes de beIN Sports, le buteur belge a pr\u00e9f\u00e9r\u00e9 maintenir le flou total sur ses intentions : \u00ab\u00a0aujourd&rsquo;hui, je suis encore \u00e0 Saint-\u00c9tienne, on verra dans le futur, je donne tout pour l&rsquo;instant\u00a0\u00bb. Cette r\u00e9ponse diplomatique mais r\u00e9v\u00e9latrice t\u00e9moigne de l&rsquo;\u00e9tat d&rsquo;esprit d&rsquo;un joueur qui semble garder toutes les options ouvertes concernant la suite de sa carri\u00e8re. L&rsquo;utilisation du terme <strong>encore<\/strong> dans sa d\u00e9claration laisse clairement entendre que sa pr\u00e9sence dans l&rsquo;effectif st\u00e9phanois n&rsquo;est pas garantie au-del\u00e0 de cette p\u00e9riode de mercato. Cette attitude prudente de la part du principal int\u00e9ress\u00e9 refl\u00e8te probablement les discussions en cours entre son entourage et diff\u00e9rents clubs int\u00e9ress\u00e9s par ses services.<\/p>\n<p>Un timing crucial pour toutes les parties<\/p>\n<p>La temporalit\u00e9 actuelle rev\u00eat une importance capitale dans ce dossier, puisque nous entrons dans la <strong>derni\u00e8re semaine<\/strong> de la p\u00e9riode des transferts estivaux. Cette \u00e9ch\u00e9ance imminente devrait logiquement pr\u00e9cipiter les \u00e9v\u00e9nements et forcer toutes les parties prenantes \u00e0 prendre des d\u00e9cisions d\u00e9finitives concernant l&rsquo;avenir du joueur. Les dirigeants de l&rsquo;ASSE se trouvent dans une position d\u00e9licate, devant jongler entre la volont\u00e9 de conserver leur p\u00e9pite offensive et les r\u00e9alit\u00e9s \u00e9conomiques qui pourraient les contraindre \u00e0 accepter une offre substantielle. Du c\u00f4t\u00e9 des clubs courtisans, notamment le <strong>Paris FC<\/strong> qui avait \u00e9t\u00e9 mentionn\u00e9 parmi les pr\u00e9tendants les plus s\u00e9rieux, l&rsquo;urgence temporelle impose une acc\u00e9l\u00e9ration des n\u00e9gociations. Cette pression temporelle pourrait \u00e9galement jouer en faveur de Saint-\u00c9tienne, qui esp\u00e8re sans doute que l&rsquo;absence d&rsquo;accord dans les prochains jours garantira la pr\u00e9sence de Stassin pour la saison \u00e0 venir.<\/p>\n<p>Un profil qui attise les convoitises<\/p>\n<p>Les qualit\u00e9s d\u00e9montr\u00e9es par Lucas Stassin lors de sa premi\u00e8re saison compl\u00e8te en Ligue 1 expliquent ais\u00e9ment l&rsquo;int\u00e9r\u00eat suscit\u00e9 autour de sa personne. Avec ses <strong>14 buts<\/strong> inscrits, le jeune attaquant a prouv\u00e9 sa capacit\u00e9 \u00e0 \u00e9voluer au plus haut niveau du football fran\u00e7ais, confirmant ainsi tout le potentiel entrevu lors de ses premi\u00e8res apparitions professionnelles. Sa proximit\u00e9 avec une convocation en <strong>\u00e9quipe nationale belge<\/strong> constitue un gage suppl\u00e9mentaire de sa progression constante et de sa reconnaissance au niveau international. Cette \u00e9volution prometteuse, combin\u00e9e \u00e0 son jeune \u00e2ge, en fait un investissement particuli\u00e8rement attractif pour les clubs en qu\u00eate de talents \u00e9mergents. La situation contractuelle du joueur et les ambitions sportives de l&rsquo;ASSE pour la saison \u00e0 venir constituent d\u00e9sormais les derniers param\u00e8tres \u00e0 prendre en compte dans cette \u00e9quation complexe qui devrait trouver sa r\u00e9solution dans les prochains jours.<\/p>\n<p>La Ligue 2 a repris ses droits et l\u2019ASSE n\u2019a fait qu\u2019une bouch\u00e9e de Rodez pour la 2\u00e8me journ\u00e9e de championnat. Pour cette saison 2025-2026, profitez de 100\u20ac offerts pour votre premi\u00e8re inscription sur Parions Sport en Ligne. <a href=\"http:\/\/bit.ly\/4hgs1yE\" rel=\"nofollow noopener\" target=\"_blank\"><strong>L\u2019ASSE valide son ticket pour la L1 en finissant 1\u00e8re de L2 ? Pariez sur une mont\u00e9e des Verts couronn\u00e9e d\u2019un sacre en L2 vous rapporte jusqu\u2019\u00e0 450\u20ac !<\/strong><\/a><\/p>\n<p><strong>Pour en profiter, c\u2019est tr\u00e8s simple :<\/strong><\/p>\n<p>&#8211;              Cr\u00e9ez votre compte joueur en seulement 2 \u00e9tapes <a href=\"http:\/\/bit.ly\/4hgs1yE\" rel=\"nofollow noopener\" target=\"_blank\"><strong>ici<\/strong><\/a><\/p>\n<p>&#8211;              R\u00e9alisez votre 1er d\u00e9p\u00f4t puis placez votre 1er pari (Minimum 5\u20ac)<\/p>\n<p>&#8211;              Une fois votre 1er d\u00e9p\u00f4t et votre 1er pari r\u00e9alis\u00e9s, l\u2019int\u00e9gralit\u00e9 du montant de ce 1er pari sera cr\u00e9dit\u00e9e sur votre compte joueur dans la limite de 100\u20ac maximum et sous la forme de cr\u00e9dits de jeu non retirables. Le cr\u00e9dit s\u2019effectuera alors en une seule \u00e9tape et sous 3 jours<\/p>\n<p>Jouer comporte des risques : endettement, d\u00e9pendance\u2026 Appelez le 09 74 75 13 13 (appel non surtax\u00e9)<\/p>\n","protected":false},"excerpt":{"rendered":"Publi\u00e9 le 24\/08\/2025 \u00e0 18h31 3 minutes de lecture L\u00a0\u00bbavenir de Lucas Stassin \u00e0 l&rsquo;AS Saint-\u00c9tienne demeure plus&hellip;\n","protected":false},"author":2,"featured_media":341035,"comment_status":"","ping_status":"","sticky":false,"template":"","format":"standard","meta":{"footnotes":""},"categories":[9653],"tags":[1111,11,2430,1777,674,1011,27,12,25,4001],"class_list":{"0":"post-341034","1":"post","2":"type-post","3":"status-publish","4":"format-standard","5":"has-post-thumbnail","7":"category-saint-etienne","8":"tag-actu","9":"tag-actualites","10":"tag-auvergne-rhone-alpes","11":"tag-eu","12":"tag-europe","13":"tag-fr","14":"tag-france","15":"tag-news","16":"tag-republique-francaise","17":"tag-saint-etienne"},"share_on_mastodon":{"url":"https:\/\/pubeurope.com\/@fr\/115084858872903758","error":""},"_links":{"self":[{"href":"https:\/\/www.europesays.com\/fr\/wp-json\/wp\/v2\/posts\/341034","targetHints":{"allow":["GET"]}}],"collection":[{"href":"https:\/\/www.europesays.com\/fr\/wp-json\/wp\/v2\/posts"}],"about":[{"href":"https:\/\/www.europesays.com\/fr\/wp-json\/wp\/v2\/types\/post"}],"author":[{"embeddable":true,"href":"https:\/\/www.europesays.com\/fr\/wp-json\/wp\/v2\/users\/2"}],"replies":[{"embeddable":true,"href":"https:\/\/www.europesays.com\/fr\/wp-json\/wp\/v2\/comments?post=341034"}],"version-history":[{"count":0,"href":"https:\/\/www.europesays.com\/fr\/wp-json\/wp\/v2\/posts\/341034\/revisions"}],"wp:featuredmedia":[{"embeddable":true,"href":"https:\/\/www.europesays.com\/fr\/wp-json\/wp\/v2\/media\/341035"}],"wp:attachment":[{"href":"https:\/\/www.europesays.com\/fr\/wp-json\/wp\/v2\/media?parent=341034"}],"wp:term":[{"taxonomy":"category","embeddable":true,"href":"https:\/\/www.europesays.com\/fr\/wp-json\/wp\/v2\/categories?post=341034"},{"taxonomy":"post_tag","embeddable":true,"href":"https:\/\/www.europesays.com\/fr\/wp-json\/wp\/v2\/tags?post=341034"}],"curies":[{"name":"wp","href":"https:\/\/api.w.org\/{rel}","templated":true}]}}