{"id":341036,"date":"2025-08-24T17:12:13","date_gmt":"2025-08-24T17:12:13","guid":{"rendered":"https:\/\/www.europesays.com\/fr\/341036\/"},"modified":"2025-08-24T17:12:13","modified_gmt":"2025-08-24T17:12:13","slug":"etre-au-service-de-la-population","status":"publish","type":"post","link":"https:\/\/www.europesays.com\/fr\/341036\/","title":{"rendered":"\u00ab\u00a0\u00catre au service de la population\u00a0\u00bb"},"content":{"rendered":"<p>La poign\u00e9e de main est ferme. Juste ce qu\u2019il faut. Le sourire franc. Naturel, le brin de timidit\u00e9 s\u2019efface rapidement et laisse \u00e9merger un caract\u00e8re qu\u2019on devine d\u00e9termin\u00e9. Il en faut de la d\u00e9termination et du travail pour arriver l\u00e0, \u00e0 l\u2019\u00e2ge de 29 ans.<\/p>\n<p>La commissaire Anne Serrado a pos\u00e9 bagages, v\u00e9lo et sac de sport \u00e0 Nancy, le 3\u00a0juillet. Pour s\u2019installer dans le fauteuil de cheffe du service local de s\u00e9curit\u00e9 publique (SLDP). Une unit\u00e9 \u00e0 envergure d\u00e9partementale, engag\u00e9e sur tous les \u00e9v\u00e9nements de voie publique\u00a0: voyages officiels, manifestations sportives, culturelles, sociales, d\u00e9linquance\u2026<\/p>\n<p>  \u00ab\u00a0J\u2019adore \u00eatre dehors\u00a0\u00bb<\/p>\n<p>Une nouvelle exp\u00e9rience professionnelle apr\u00e8s deux ans \u00e0 Lille, au sein du service local de la police judiciaire (SLPJ), tourn\u00e9 vers l\u2019investigation. \u00ab\u00a0J\u2019ai eu la possibilit\u00e9 de choisir Nancy et <a href=\"https:\/\/www.estrepublicain.fr\/faits-divers-justice\/2022\/09\/07\/julie-chevalier-elle-choisit-l-uniforme-a-la-place-de-la-robe\" target=\"_blank\" rel=\"noopener\">ce poste qui \u00e9tait vacant<\/a>. L\u2019opportunit\u00e9 de changer de fili\u00e8re et d\u00e9couvrir une autre facette de la profession\u00a0\u00bb, observe la commissaire Serrado. \u00ab\u00a0Et puis \u00e9tant Franc-Comtoise, c\u2019\u00e9tait l\u2019occasion de me rapprocher un peu. Au SLPJ, le travail est vari\u00e9. Organiser, prendre des d\u00e9cisions, avoir un impact, maintenir et d\u00e9velopper les liens avec les partenaires, la population, g\u00e9rer les ressources humaines\u2026\u00a0\u00bb Sans oublier le terrain, \u00ab\u00a0j\u2019adore \u00eatre dehors\u00a0\u00bb, sourit celle qui, adolescente d\u00e9j\u00e0, se projetait vers une carri\u00e8re professionnelle sous l\u2019uniforme. Celui de commissaire.<\/p>\n<p>\u00ab\u00a0Lors de mon stage de 3e effectu\u00e9 au tribunal, la magistrate qui \u00e9tait ma r\u00e9f\u00e9rente \u00e9tait mari\u00e9e \u00e0 un commandant de police. J\u2019ai eu la chance de pouvoir passer une demi-journ\u00e9e en immersion au commissariat de Besan\u00e7on\u2026\u00a0\u00bb Une r\u00e9v\u00e9lation pour la coll\u00e9gienne qui plus tard, d\u00e9crochera son baccalaur\u00e9at haut la main (17,76 de moyenne g\u00e9n\u00e9rale). De quoi voir l\u2019avenir en bleu. Apr\u00e8s sept ans de droit entre Lille et Paris, avec un Master 2 en droit p\u00e9nal et sciences criminelles en poche.<\/p>\n<p>  \u00ab\u00a0\u00c9changer avec les gens, c\u2019est d\u00e9j\u00e0 prendre en compte leurs probl\u00e8mes\u00a0\u00bb<\/p>\n<p>Candidate externe, elle est admise \u00e0 l\u2019\u00c9cole nationale sup\u00e9rieure de la police (ENSP) de Saint-Cyr-au-Mont-d\u2019Or (une fabrique \u00e0 commissaires) et sort 13e de sa promo au terme des deux ans d\u2019une scolarit\u00e9 ponctu\u00e9e d\u2019un stage \u00e0 l\u2019h\u00f4tel de police du boulevard Lobau. Et aujourd\u2019hui, un retour sur la sc\u00e8ne non pas de crime mais de ses d\u00e9buts.<\/p>\n<p>Pas de feuille de route particuli\u00e8re si ce n\u2019est \u00ab\u00a0s\u2019adapter aux directives et priorit\u00e9s du minist\u00e8re de l\u2019Int\u00e9rieur\u00a0\u00bb, confie cette fan de cyclisme, \u00ab\u00a0tr\u00e8s attach\u00e9e au service rendu \u00e0 la population\u00a0\u00bb ainsi qu\u2019\u00e0 sa brigade de s\u00e9curit\u00e9 du quotidien (BSQ), \u00e9rig\u00e9e sur les cendres de la police de proximit\u00e9.<\/p>\n<p>\u00ab\u00a0Il est primordial d\u2019avoir un contact rapproch\u00e9 avec le public. \u00c9changer avec les gens, c\u2019est d\u00e9j\u00e0 prendre en compte leurs probl\u00e8mes. Je d\u00e9couvre encore la topographie de la circonscription de Nancy et ses 20 communes. Il est important de conna\u00eetre les conditions d\u2019exercice des effectifs sur le terrain. \u00bb<\/p>\n<p>  Cycliste chevronn\u00e9e<\/p>\n<p>Au sein du SLDP, Anne Serrado se dit \u00ab\u00a0tr\u00e8s bien entour\u00e9e\u00a0\u00bb, avec des personnels \u00ab\u00a0tr\u00e8s professionnels, loyaux, dans une bonne ambiance\u00a0\u00bb. Et d\u00e8s que son emploi du temps le lui permet, la fonctionnaire tombe sa tenue de commissaire pour en rev\u00eatir une autre\u00a0: celle d\u2019une cycliste chevronn\u00e9e.<\/p>\n<p>Avec au compteur, d\u00e9j\u00e0 quelques belles cyclosportives comme l\u2019\u00e9tape du Tour Albertville \u2013 La\u00a0Plagne (130\u00a0km) ou encore l\u2019\u00e9tape du Tour de France femmes, entre Chamb\u00e9ry et le col de la Madeleine (117\u00a0km). Un d\u00e9nivel\u00e9 positif qui sied \u00e0 merveille \u00e0 ses qualit\u00e9s de \u00ab\u00a0grimpeuse\u00a0\u00bb. Ne rien l\u00e2cher dans la pente. Une voie que la jeune femme continue de tracer sur tous les terrains.<\/p>\n","protected":false},"excerpt":{"rendered":"La poign\u00e9e de main est ferme. Juste ce qu\u2019il faut. Le sourire franc. Naturel, le brin de timidit\u00e9&hellip;\n","protected":false},"author":2,"featured_media":341037,"comment_status":"","ping_status":"","sticky":false,"template":"","format":"standard","meta":{"footnotes":""},"categories":[9635],"tags":[1111,11,271,272,6084,1704,1777,674,274,1011,27,775,3457,1702,1703,12,25,104],"class_list":{"0":"post-341036","1":"post","2":"type-post","3":"status-publish","4":"format-standard","5":"has-post-thumbnail","7":"category-nancy","8":"tag-actu","9":"tag-actualites","10":"tag-crime","11":"tag-delit-et-contravention","12":"tag-droit","13":"tag-edition-nancy-et-agglomeration","14":"tag-eu","15":"tag-europe","16":"tag-faits-divers-justice","17":"tag-fr","18":"tag-france","19":"tag-grand-est","20":"tag-meurthe-et-moselle","21":"tag-nancy","22":"tag-nancy-ville-54b","23":"tag-news","24":"tag-republique-francaise","25":"tag-societe"},"share_on_mastodon":{"url":"https:\/\/pubeurope.com\/@fr\/115084862689421562","error":""},"_links":{"self":[{"href":"https:\/\/www.europesays.com\/fr\/wp-json\/wp\/v2\/posts\/341036","targetHints":{"allow":["GET"]}}],"collection":[{"href":"https:\/\/www.europesays.com\/fr\/wp-json\/wp\/v2\/posts"}],"about":[{"href":"https:\/\/www.europesays.com\/fr\/wp-json\/wp\/v2\/types\/post"}],"author":[{"embeddable":true,"href":"https:\/\/www.europesays.com\/fr\/wp-json\/wp\/v2\/users\/2"}],"replies":[{"embeddable":true,"href":"https:\/\/www.europesays.com\/fr\/wp-json\/wp\/v2\/comments?post=341036"}],"version-history":[{"count":0,"href":"https:\/\/www.europesays.com\/fr\/wp-json\/wp\/v2\/posts\/341036\/revisions"}],"wp:featuredmedia":[{"embeddable":true,"href":"https:\/\/www.europesays.com\/fr\/wp-json\/wp\/v2\/media\/341037"}],"wp:attachment":[{"href":"https:\/\/www.europesays.com\/fr\/wp-json\/wp\/v2\/media?parent=341036"}],"wp:term":[{"taxonomy":"category","embeddable":true,"href":"https:\/\/www.europesays.com\/fr\/wp-json\/wp\/v2\/categories?post=341036"},{"taxonomy":"post_tag","embeddable":true,"href":"https:\/\/www.europesays.com\/fr\/wp-json\/wp\/v2\/tags?post=341036"}],"curies":[{"name":"wp","href":"https:\/\/api.w.org\/{rel}","templated":true}]}}