{"id":341038,"date":"2025-08-24T17:13:24","date_gmt":"2025-08-24T17:13:24","guid":{"rendered":"https:\/\/www.europesays.com\/fr\/341038\/"},"modified":"2025-08-24T17:13:24","modified_gmt":"2025-08-24T17:13:24","slug":"francis-mouget-et-quillian-koch-terminent-2e-de-la-finale-b","status":"publish","type":"post","link":"https:\/\/www.europesays.com\/fr\/341038\/","title":{"rendered":"Francis Mouget et Quillian Koch terminent 2e\u00a0 de la Finale B"},"content":{"rendered":"<p>C\u2019est sous une pluie battante que le K2 tricolore a pris le d\u00e9part de sa finale B ce dimanche matin. Apr\u00e8s une cinqui\u00e8me place en demi-finale, ce samedi, le Nanc\u00e9ien Francis Mouget et le Breton Quillian Koch avaient comme ambition malgr\u00e9 tout de bien finir. Ils l\u2019ont fait brillamment en s\u2019offrant une deuxi\u00e8me place sur cette finale en 1\u201937\u2019\u201995 juste derri\u00e8re la Serbie (1\u201936\u2019\u201968) qui n\u2019a jamais l\u00e2ch\u00e9 la t\u00eate de la course. Au contraire des Fran\u00e7ais, ligne d\u2019eau num\u00e9ro\u00a07, qui ont su faire preuve de r\u00e9silience. Cinqui\u00e8mes \u00e0 mi-parcours, ils r\u00e9ussissaient \u00e0 gagner trois places non n\u00e9gligeables sur la ligne d\u2019arriv\u00e9e.<\/p>\n<p>De son cot\u00e9, la Slov\u00e9nie compl\u00e9tait le podium en 1\u201938\u2019\u201911.<\/p>\n","protected":false},"excerpt":{"rendered":"C\u2019est sous une pluie battante que le K2 tricolore a pris le d\u00e9part de sa finale B ce&hellip;\n","protected":false},"author":2,"featured_media":341039,"comment_status":"","ping_status":"","sticky":false,"template":"","format":"standard","meta":{"footnotes":""},"categories":[9635],"tags":[1111,11,16814,1704,1777,674,1011,27,775,1702,1703,12,25,517,1700,15103],"class_list":{"0":"post-341038","1":"post","2":"type-post","3":"status-publish","4":"format-standard","5":"has-post-thumbnail","7":"category-nancy","8":"tag-actu","9":"tag-actualites","10":"tag-canoe-kayak","11":"tag-edition-nancy-et-agglomeration","12":"tag-eu","13":"tag-europe","14":"tag-fr","15":"tag-france","16":"tag-grand-est","17":"tag-nancy","18":"tag-nancy-ville-54b","19":"tag-news","20":"tag-republique-francaise","21":"tag-sport","22":"tag-sport-lorrain","23":"tag-sports-nautiques"},"share_on_mastodon":{"url":"https:\/\/pubeurope.com\/@fr\/115084866642051940","error":""},"_links":{"self":[{"href":"https:\/\/www.europesays.com\/fr\/wp-json\/wp\/v2\/posts\/341038","targetHints":{"allow":["GET"]}}],"collection":[{"href":"https:\/\/www.europesays.com\/fr\/wp-json\/wp\/v2\/posts"}],"about":[{"href":"https:\/\/www.europesays.com\/fr\/wp-json\/wp\/v2\/types\/post"}],"author":[{"embeddable":true,"href":"https:\/\/www.europesays.com\/fr\/wp-json\/wp\/v2\/users\/2"}],"replies":[{"embeddable":true,"href":"https:\/\/www.europesays.com\/fr\/wp-json\/wp\/v2\/comments?post=341038"}],"version-history":[{"count":0,"href":"https:\/\/www.europesays.com\/fr\/wp-json\/wp\/v2\/posts\/341038\/revisions"}],"wp:featuredmedia":[{"embeddable":true,"href":"https:\/\/www.europesays.com\/fr\/wp-json\/wp\/v2\/media\/341039"}],"wp:attachment":[{"href":"https:\/\/www.europesays.com\/fr\/wp-json\/wp\/v2\/media?parent=341038"}],"wp:term":[{"taxonomy":"category","embeddable":true,"href":"https:\/\/www.europesays.com\/fr\/wp-json\/wp\/v2\/categories?post=341038"},{"taxonomy":"post_tag","embeddable":true,"href":"https:\/\/www.europesays.com\/fr\/wp-json\/wp\/v2\/tags?post=341038"}],"curies":[{"name":"wp","href":"https:\/\/api.w.org\/{rel}","templated":true}]}}