{"id":341040,"date":"2025-08-24T17:14:10","date_gmt":"2025-08-24T17:14:10","guid":{"rendered":"https:\/\/www.europesays.com\/fr\/341040\/"},"modified":"2025-08-24T17:14:10","modified_gmt":"2025-08-24T17:14:10","slug":"toulon-jerome-chantreau-laffaire-de-la-rue-transnonain","status":"publish","type":"post","link":"https:\/\/www.europesays.com\/fr\/341040\/","title":{"rendered":"TOULON : J\u00e9r\u00f4me CHANTREAU &#8211; L\u2019affaire de la rue Transnonain"},"content":{"rendered":"<p><strong>Que diriez-vous d\u2019un thriller historique pour cet \u00e9t\u00e9 ?<\/strong><br \/>Avec L\u2019affaire de la rue Transnonain (La Tribu), Grand prix des lectrices du magazine Elle 2025, le romancier J\u00e9r\u00f4me Chantreau enqu\u00eate sur un fait divers m\u00e9connu dans le Paris de 1834. Une affaire de r\u00e9volte populaire, de r\u00e9pression polici\u00e8re et un plaidoyer saisissant contre l\u2019oubli. Car la litt\u00e9rature peut aussi rendre justice, m\u00eame deux si\u00e8cles plus tard\u2026<\/p>\n<p><a href=\"https:\/\/t.communication.libraires-ensemble.com\/l2\/81AafUs0d24\/358228\/4129938739.html?s=20\" rel=\"nofollow noopener\" target=\"_blank\">En savoir plus<\/a><\/p>\n<p>Source : Librairie Charlemagne Toulon.<\/p>\n","protected":false},"excerpt":{"rendered":"Que diriez-vous d\u2019un thriller historique pour cet \u00e9t\u00e9 ?Avec L\u2019affaire de la rue Transnonain (La Tribu), Grand prix&hellip;\n","protected":false},"author":2,"featured_media":341041,"comment_status":"","ping_status":"","sticky":false,"template":"","format":"standard","meta":{"footnotes":""},"categories":[9619],"tags":[1111,11,1777,674,1011,27,12,882,25,2310],"class_list":{"0":"post-341040","1":"post","2":"type-post","3":"status-publish","4":"format-standard","5":"has-post-thumbnail","7":"category-toulon","8":"tag-actu","9":"tag-actualites","10":"tag-eu","11":"tag-europe","12":"tag-fr","13":"tag-france","14":"tag-news","15":"tag-provence-alpes-cote-dazur","16":"tag-republique-francaise","17":"tag-toulon"},"share_on_mastodon":{"url":"https:\/\/pubeurope.com\/@fr\/115084870602508232","error":""},"_links":{"self":[{"href":"https:\/\/www.europesays.com\/fr\/wp-json\/wp\/v2\/posts\/341040","targetHints":{"allow":["GET"]}}],"collection":[{"href":"https:\/\/www.europesays.com\/fr\/wp-json\/wp\/v2\/posts"}],"about":[{"href":"https:\/\/www.europesays.com\/fr\/wp-json\/wp\/v2\/types\/post"}],"author":[{"embeddable":true,"href":"https:\/\/www.europesays.com\/fr\/wp-json\/wp\/v2\/users\/2"}],"replies":[{"embeddable":true,"href":"https:\/\/www.europesays.com\/fr\/wp-json\/wp\/v2\/comments?post=341040"}],"version-history":[{"count":0,"href":"https:\/\/www.europesays.com\/fr\/wp-json\/wp\/v2\/posts\/341040\/revisions"}],"wp:featuredmedia":[{"embeddable":true,"href":"https:\/\/www.europesays.com\/fr\/wp-json\/wp\/v2\/media\/341041"}],"wp:attachment":[{"href":"https:\/\/www.europesays.com\/fr\/wp-json\/wp\/v2\/media?parent=341040"}],"wp:term":[{"taxonomy":"category","embeddable":true,"href":"https:\/\/www.europesays.com\/fr\/wp-json\/wp\/v2\/categories?post=341040"},{"taxonomy":"post_tag","embeddable":true,"href":"https:\/\/www.europesays.com\/fr\/wp-json\/wp\/v2\/tags?post=341040"}],"curies":[{"name":"wp","href":"https:\/\/api.w.org\/{rel}","templated":true}]}}