{"id":341044,"date":"2025-08-24T17:16:09","date_gmt":"2025-08-24T17:16:09","guid":{"rendered":"https:\/\/www.europesays.com\/fr\/341044\/"},"modified":"2025-08-24T17:16:09","modified_gmt":"2025-08-24T17:16:09","slug":"a-villeneuve-une-surveillante-frappee-en-plein-visage-par-un-detenu","status":"publish","type":"post","link":"https:\/\/www.europesays.com\/fr\/341044\/","title":{"rendered":"\u00e0 Villeneuve, une surveillante frapp\u00e9e en plein visage par un d\u00e9tenu"},"content":{"rendered":"<p>            Par<br \/>\n        <strong><br \/>\n            <a href=\"https:\/\/actu.fr\/auteur\/metropoop\" title=\"Consulter tous les articles de R\u00e9daction M\u00e9tropolitain\" target=\"_blank\" rel=\"noopener\">R\u00e9daction M\u00e9tropolitain<\/a><br \/>\n        <\/strong><\/p>\n<p>        Publi\u00e9 le<\/p>\n<p>            24 ao\u00fbt 2025 \u00e0 18h29        <\/p>\n<p><strong>Ce dimanche 24 ao\u00fbt 2025<\/strong>, vers 11h15, l\u2019atmosph\u00e8re du quartier arrivants de Villeneuve-l\u00e8s-Maguelone a bascul\u00e9. Une surveillante a re\u00e7u un violent coup de poing au visage. L\u2019agression est survenue alors qu\u2019elle rappelait \u00e0 l\u2019ordre un d\u00e9tenu travailleur de 39 ans. L\u2019homme, d\u00e9j\u00e0 condamn\u00e9 pour violence en \u00e9tat d\u2019ivresse et outrage \u00e0 personne d\u00e9positaire de l\u2019autorit\u00e9 publique, a refus\u00e9 d\u2019ob\u00e9ir.<\/p>\n<p>    <a href=\"https:\/\/www.google.com\/maps\/embed?pb=!1m18!1m12!1m3!1d23114.090373704526!2d3.8371328!3d43.6011008!2m3!1f0!2f0!3f0!3m2!1i1024!2i768!4f13.1!3m3!1m2!1s0x12b6b1019f3ea2ed%3A0x6ae2b62911490237!2sVilleneuve-l%C3%A8s-Maguelone!5e0!3m2!1sfr!2sfr!4v1756049621473!5m2!1sfr!2sfr\" title=\"Ouvrie le lien\" target=\"_blank\" rel=\"noopener\">Cliquez ici pour visualiser le contenu<\/a><\/p>\n<p class=\" wall-content\">\u00ab\u00a0C\u2019est un acte gratuit et intol\u00e9rable\u00a0\u00bb, d\u00e9nonce Marine Orengo, surveillante p\u00e9nitentiaire et secr\u00e9taire locale de l\u2019Ufap-Unsa Justice. La victime, marqu\u00e9e physiquement, a \u00e9t\u00e9 imm\u00e9diatement prise en charge. Le d\u00e9tenu mis en cause n\u2019\u00e9tait class\u00e9 comme auxiliaire <strong>que depuis le 21 ao\u00fbt<\/strong>. Son comportement avait rapidement suscit\u00e9 des inqui\u00e9tudes. Refus de travailler, \u00e9changes d\u2019objets, tapage, non-respect des r\u00e8gles : autant d\u2019attitudes jug\u00e9es incompatibles avec les missions d\u2019un auxiliaire dans un quartier sensible. Pour Marine Orengo, le constat est clair : \u00ab\u00a0Cet homme n\u2019avait jamais d\u00fb \u00eatre retenu pour ce poste. Les surveillants de secteur n\u2019avaient pas \u00e9t\u00e9 consult\u00e9s, et nous voyons aujourd\u2019hui le r\u00e9sultat.\u00a0\u00bb<\/p>\n<p>Des alertes ignor\u00e9es<\/p>\n<p class=\" wall-content\">Quelques jours avant l\u2019agression, l\u2019Ufap-Unsa Justice avait d\u00e9j\u00e0 d\u00e9nonc\u00e9 l\u2019absence de concertation dans le choix des auxiliaires. L\u2019organisation syndicale avait r\u00e9clam\u00e9 que les surveillants puissent donner leur avis, afin d\u2019\u00e9viter des erreurs d\u2019appr\u00e9ciation. L\u2019administration a finalement acc\u00e9d\u00e9 \u00e0 cette demande. \u00ab\u00a0Les coll\u00e8gues connaissent les profils, ils savent qui peut ou non assumer certaines t\u00e2ches. Ne pas les \u00e9couter met tout le monde en danger\u00a0\u00bb, insiste la repr\u00e9sentante syndicale. \u00c0 la suite du coup port\u00e9, l\u2019agresseur a \u00e9t\u00e9 conduit au quartier disciplinaire. Mais cette sanction ne rassure pas les personnels. Le syndicat exige d\u00e9sormais son transfert vers un autre \u00e9tablissement. \u00ab\u00a0Il est impensable que la coll\u00e8gue croise \u00e0 nouveau son agresseur dans les couloirs\u00a0\u00bb, mart\u00e8le Marine Orengo.<\/p>\n<p class=\" wall-content\">Cette agression intervient dans un contexte d\u00e9j\u00e0 tendu. Vendredi, un autre surveillant, J\u00e9r\u00f4me, s\u2019est retrouv\u00e9 face \u00e0 un d\u00e9tenu qui avait tent\u00e9 de l\u2019\u00e9bouillanter quelques mois plus t\u00f4t. Aucun avertissement ne lui avait \u00e9t\u00e9 donn\u00e9. Ces situations renforcent le sentiment d\u2019ins\u00e9curit\u00e9 des agents. \u00ab\u00a0Nous demandons que l\u2019administration pr\u00e9vienne syst\u00e9matiquement les agents du retour de leurs agresseurs.\u00a0\u00bb Au-del\u00e0 de l\u2019\u00e9motion, l\u2019Ufap-Unsa Justice r\u00e9clame des mesures concr\u00e8tes. \u00ab\u00a0La s\u00e9curit\u00e9 et la dignit\u00e9 des personnels doivent enfin \u00eatre garanties.\u00a0\u00bb Le syndicat rappelle que les agents p\u00e9nitentiaires affrontent chaque jour des risques physiques et psychologiques.<\/p>\n<p class=\" wall-content\">Personnalisez votre actualit\u00e9 en ajoutant vos villes et m\u00e9dias en favori avec <a href=\"https:\/\/moncompte.actu.fr\" title=\"D\u00e9couvez Mon Actu\" rel=\"nofollow noopener\" data-trk=\"{&quot;cta&quot;:{&quot;action&quot;:&quot;https:\\\/\\\/moncompte.actu.fr&quot;,&quot;category&quot;:&quot;mon compte&quot;,&quot;from&quot;:&quot;article footer&quot;,&quot;name&quot;:&quot;Mon actu&quot;,&quot;type&quot;:&quot;cta&quot;}}\" target=\"_blank\">Mon Actu<\/a>.<\/p>\n","protected":false},"excerpt":{"rendered":"Par R\u00e9daction M\u00e9tropolitain Publi\u00e9 le 24 ao\u00fbt 2025 \u00e0 18h29 Ce dimanche 24 ao\u00fbt 2025, vers 11h15, l\u2019atmosph\u00e8re&hellip;\n","protected":false},"author":2,"featured_media":341045,"comment_status":"","ping_status":"","sticky":false,"template":"","format":"standard","meta":{"footnotes":""},"categories":[9599],"tags":[1111,11,1777,674,118,1011,27,2208,12,2680,899,25],"class_list":{"0":"post-341044","1":"post","2":"type-post","3":"status-publish","4":"format-standard","5":"has-post-thumbnail","7":"category-montpellier","8":"tag-actu","9":"tag-actualites","10":"tag-eu","11":"tag-europe","12":"tag-faits-divers","13":"tag-fr","14":"tag-france","15":"tag-montpellier","16":"tag-news","17":"tag-occitanie","18":"tag-prisons","19":"tag-republique-francaise"},"share_on_mastodon":{"url":"https:\/\/pubeurope.com\/@fr\/115084878468171525","error":""},"_links":{"self":[{"href":"https:\/\/www.europesays.com\/fr\/wp-json\/wp\/v2\/posts\/341044","targetHints":{"allow":["GET"]}}],"collection":[{"href":"https:\/\/www.europesays.com\/fr\/wp-json\/wp\/v2\/posts"}],"about":[{"href":"https:\/\/www.europesays.com\/fr\/wp-json\/wp\/v2\/types\/post"}],"author":[{"embeddable":true,"href":"https:\/\/www.europesays.com\/fr\/wp-json\/wp\/v2\/users\/2"}],"replies":[{"embeddable":true,"href":"https:\/\/www.europesays.com\/fr\/wp-json\/wp\/v2\/comments?post=341044"}],"version-history":[{"count":0,"href":"https:\/\/www.europesays.com\/fr\/wp-json\/wp\/v2\/posts\/341044\/revisions"}],"wp:featuredmedia":[{"embeddable":true,"href":"https:\/\/www.europesays.com\/fr\/wp-json\/wp\/v2\/media\/341045"}],"wp:attachment":[{"href":"https:\/\/www.europesays.com\/fr\/wp-json\/wp\/v2\/media?parent=341044"}],"wp:term":[{"taxonomy":"category","embeddable":true,"href":"https:\/\/www.europesays.com\/fr\/wp-json\/wp\/v2\/categories?post=341044"},{"taxonomy":"post_tag","embeddable":true,"href":"https:\/\/www.europesays.com\/fr\/wp-json\/wp\/v2\/tags?post=341044"}],"curies":[{"name":"wp","href":"https:\/\/api.w.org\/{rel}","templated":true}]}}