{"id":341046,"date":"2025-08-24T17:17:10","date_gmt":"2025-08-24T17:17:10","guid":{"rendered":"https:\/\/www.europesays.com\/fr\/341046\/"},"modified":"2025-08-24T17:17:10","modified_gmt":"2025-08-24T17:17:10","slug":"top-14-match-amicaux-montpellier-na-pas-tremble-pour-soffrir-la-section-paloise","status":"publish","type":"post","link":"https:\/\/www.europesays.com\/fr\/341046\/","title":{"rendered":"Top 14. Match amicaux &#8211; Montpellier n&rsquo;a pas trembl\u00e9 pour s&rsquo;offrir la Section paloise"},"content":{"rendered":"<p>\n                Montpellier s\u2019est impos\u00e9 face \u00e0 la Section paloise sur le score de 26 \u00e0 5, ce vendredi \u00e0 Auch en match de pr\u00e9paration. Les H\u00e9raultais se sont appuy\u00e9s sur leur d\u00e9fense et leur efficacit\u00e9 offensive, un secteur qui a cruellement fait d\u00e9faut aux B\u00e9arnais pourtant dominateurs dans le premier acte.\n            <\/p>\n<p>C\u2019\u00e9tait un match de pr\u00e9paration, mais surtout de reprise pour les deux \u00e9quipes. Autant dire que les nombreux spectateurs venus au stade Jacques-Fouroux pour voir cette confrontation entre Montpellier et Pau n\u2019ont pas eu droit \u00e0 un feu d\u2019artifice, malgr\u00e9 quelques fulgurances int\u00e9ressantes.<\/p>\n<p>Les d\u00e9bats ont souvent \u00e9t\u00e9 frein\u00e9s par les approximations et les fautes de main, entra\u00eenant forc\u00e9ment un manque d\u2019efficacit\u00e9 notamment de la part des Palois qui dominaient territorialement le premier acte sans pour autant parvenir \u00e0 marquer. Ils g\u00e2chaient quatre p\u00e9naltouches \u00e0 cinq m\u00e8tres, repouss\u00e9s par la rudesse et l\u2019organisation du paquet d\u2019avants h\u00e9raultais. Les joueurs de S\u00e9bastien Piqueronies finissaient par se faire punir en perdant un ballon en touche. Un ballon de r\u00e9cup\u00e9ration parfaitement exploit\u00e9 par le MHR et par son ailier Madosh Tambwe qui marquait apr\u00e8s un num\u00e9ro dont il a le secret. Cette seule envol\u00e9e de la premi\u00e8re p\u00e9riode permettait aux Montpelli\u00e9rains de mener 7 \u00e0 0 \u00e0 la pause.<\/p>\n<p><strong>Le MHR a termin\u00e9 fort<\/strong><\/p>\n<p>Cette l\u00e9g\u00e8re avance donnait des ailes aux joueurs de Joan Caudullo qui s\u2019installaient dans le camp adverse d\u00e8s la reprise, avant de donner une le\u00e7on d\u2019efficacit\u00e9 sur p\u00e9naltouche en marquant en force par l\u2019interm\u00e9diaire de Christopher Tolofua. La Section paloise continuait de manquer d\u2019efficacit\u00e9 dans les vingt-deux m\u00e8tres adverses alors que Montpellier se montrait plus percutant sur les zones de contact, inscrivant un nouvel essai en force par Wilfrid Hounkpatin. Finalement, Dan Robson trouvait la solution pour faire plier la d\u00e9fense du MHR avec un judicieux coup de pied par-dessus pour Aymeric Luc qui pouvait plonger dans l\u2019en-but. C\u2019\u00e9tait finalement Montpellier qui terminait fort cette rencontre, avec un essai L\u00e9o Coly, et qui pouvait quitter le Gers en validant de la meilleure des mani\u00e8res son stage effectu\u00e9 \u00e0 Loudenvielle, avec quelques certitudes sur le plan d\u00e9fensif et au niveau de son efficacit\u00e9 offensive.<\/p>\n","protected":false},"excerpt":{"rendered":"Montpellier s\u2019est impos\u00e9 face \u00e0 la Section paloise sur le score de 26 \u00e0 5, ce vendredi \u00e0&hellip;\n","protected":false},"author":2,"featured_media":341047,"comment_status":"","ping_status":"","sticky":false,"template":"","format":"standard","meta":{"footnotes":""},"categories":[9599],"tags":[1111,11,1777,674,1011,27,2208,12,2680,25],"class_list":{"0":"post-341046","1":"post","2":"type-post","3":"status-publish","4":"format-standard","5":"has-post-thumbnail","7":"category-montpellier","8":"tag-actu","9":"tag-actualites","10":"tag-eu","11":"tag-europe","12":"tag-fr","13":"tag-france","14":"tag-montpellier","15":"tag-news","16":"tag-occitanie","17":"tag-republique-francaise"},"share_on_mastodon":{"url":"https:\/\/pubeurope.com\/@fr\/115084882412162812","error":""},"_links":{"self":[{"href":"https:\/\/www.europesays.com\/fr\/wp-json\/wp\/v2\/posts\/341046","targetHints":{"allow":["GET"]}}],"collection":[{"href":"https:\/\/www.europesays.com\/fr\/wp-json\/wp\/v2\/posts"}],"about":[{"href":"https:\/\/www.europesays.com\/fr\/wp-json\/wp\/v2\/types\/post"}],"author":[{"embeddable":true,"href":"https:\/\/www.europesays.com\/fr\/wp-json\/wp\/v2\/users\/2"}],"replies":[{"embeddable":true,"href":"https:\/\/www.europesays.com\/fr\/wp-json\/wp\/v2\/comments?post=341046"}],"version-history":[{"count":0,"href":"https:\/\/www.europesays.com\/fr\/wp-json\/wp\/v2\/posts\/341046\/revisions"}],"wp:featuredmedia":[{"embeddable":true,"href":"https:\/\/www.europesays.com\/fr\/wp-json\/wp\/v2\/media\/341047"}],"wp:attachment":[{"href":"https:\/\/www.europesays.com\/fr\/wp-json\/wp\/v2\/media?parent=341046"}],"wp:term":[{"taxonomy":"category","embeddable":true,"href":"https:\/\/www.europesays.com\/fr\/wp-json\/wp\/v2\/categories?post=341046"},{"taxonomy":"post_tag","embeddable":true,"href":"https:\/\/www.europesays.com\/fr\/wp-json\/wp\/v2\/tags?post=341046"}],"curies":[{"name":"wp","href":"https:\/\/api.w.org\/{rel}","templated":true}]}}