{"id":341051,"date":"2025-08-24T17:20:13","date_gmt":"2025-08-24T17:20:13","guid":{"rendered":"https:\/\/www.europesays.com\/fr\/341051\/"},"modified":"2025-08-24T17:20:13","modified_gmt":"2025-08-24T17:20:13","slug":"en-images-nouveau-chantier-de-nettoyage-pour-mountain-wilderness-cette-fois-ci-au-lac-rond","status":"publish","type":"post","link":"https:\/\/www.europesays.com\/fr\/341051\/","title":{"rendered":"En images. Nouveau chantier de nettoyage pour Mountain Wilderness, cette fois-ci au lac Rond"},"content":{"rendered":"<p> La commune de La Salle-les-Alpes, l\u2019association Mountain Wilderness et Natura 2000 ont \u0153uvr\u00e9 main dans la main, ce week-end des 23 et 24\u00a0ao\u00fbt, afin d\u2019organiser un chantier de nettoyage. Il visait notamment le secteur du lac Rond, \u00e0 La Salle-les-Alpes, o\u00f9 une ancienne pisciculture et une ancienne cabane ont \u00e9t\u00e9 d\u00e9mont\u00e9es, les secteurs du Granon, du Longet et de la Gardiole. Au total, une soixantaine de b\u00e9n\u00e9voles a particip\u00e9 \u00e0 l\u2019\u00e9v\u00e9nement, durant ces deux jours. Pour Mountain Wilderness, il s\u2019agissait de son 88e chantier.<\/p>\n","protected":false},"excerpt":{"rendered":"La commune de La Salle-les-Alpes, l\u2019association Mountain Wilderness et Natura 2000 ont \u0153uvr\u00e9 main dans la main, ce&hellip;\n","protected":false},"author":2,"featured_media":341052,"comment_status":"","ping_status":"","sticky":false,"template":"","format":"standard","meta":{"footnotes":""},"categories":[9566],"tags":[1111,11,2430,32236,4521,436,1777,674,1795,1011,27,5325,2798,2731,881,9588,47727,12,25],"class_list":{"0":"post-341051","1":"post","2":"type-post","3":"status-publish","4":"format-standard","5":"has-post-thumbnail","7":"category-grenoble","8":"tag-actu","9":"tag-actualites","10":"tag-auvergne-rhone-alpes","11":"tag-brianconnais-pays-des-ecrins","12":"tag-edition-hautes-alpes-alpes-de-haute-provence","13":"tag-environnement","14":"tag-eu","15":"tag-europe","16":"tag-fil-web","17":"tag-fr","18":"tag-france","19":"tag-galerie-media","20":"tag-galerie-photo","21":"tag-grenoble","22":"tag-hautes-alpes","23":"tag-ici-on-agit","24":"tag-la-salle-les-alpes","25":"tag-news","26":"tag-republique-francaise"},"share_on_mastodon":{"url":"https:\/\/pubeurope.com\/@fr\/115084894263873910","error":""},"_links":{"self":[{"href":"https:\/\/www.europesays.com\/fr\/wp-json\/wp\/v2\/posts\/341051","targetHints":{"allow":["GET"]}}],"collection":[{"href":"https:\/\/www.europesays.com\/fr\/wp-json\/wp\/v2\/posts"}],"about":[{"href":"https:\/\/www.europesays.com\/fr\/wp-json\/wp\/v2\/types\/post"}],"author":[{"embeddable":true,"href":"https:\/\/www.europesays.com\/fr\/wp-json\/wp\/v2\/users\/2"}],"replies":[{"embeddable":true,"href":"https:\/\/www.europesays.com\/fr\/wp-json\/wp\/v2\/comments?post=341051"}],"version-history":[{"count":0,"href":"https:\/\/www.europesays.com\/fr\/wp-json\/wp\/v2\/posts\/341051\/revisions"}],"wp:featuredmedia":[{"embeddable":true,"href":"https:\/\/www.europesays.com\/fr\/wp-json\/wp\/v2\/media\/341052"}],"wp:attachment":[{"href":"https:\/\/www.europesays.com\/fr\/wp-json\/wp\/v2\/media?parent=341051"}],"wp:term":[{"taxonomy":"category","embeddable":true,"href":"https:\/\/www.europesays.com\/fr\/wp-json\/wp\/v2\/categories?post=341051"},{"taxonomy":"post_tag","embeddable":true,"href":"https:\/\/www.europesays.com\/fr\/wp-json\/wp\/v2\/tags?post=341051"}],"curies":[{"name":"wp","href":"https:\/\/api.w.org\/{rel}","templated":true}]}}