{"id":341053,"date":"2025-08-24T17:21:34","date_gmt":"2025-08-24T17:21:34","guid":{"rendered":"https:\/\/www.europesays.com\/fr\/341053\/"},"modified":"2025-08-24T17:21:34","modified_gmt":"2025-08-24T17:21:34","slug":"rugby-en-neuf-jours-un-ancien-joueur-du-fcg-a-parcouru-le-gr20-seul","status":"publish","type":"post","link":"https:\/\/www.europesays.com\/fr\/341053\/","title":{"rendered":"Rugby. En neuf jours, un ancien joueur du FCG a parcouru le GR20 seul"},"content":{"rendered":"<p>Des vacances loin d&rsquo;\u00eatre de tout repos. \u00c0 25 ans, Nathana\u00ebl Hulleu, form\u00e9 au FCG, s&rsquo;est lanc\u00e9 dans un gros d\u00e9fi durant ses cong\u00e9s. Le Haut-Savoyard a r\u00e9alis\u00e9 le GR20, le sentier de randonn\u00e9e qui traverse la Corse, en neuf jours. Au total, il a parcouru 180 kilom\u00e8tres pour 14 000 m\u00e8tres de d\u00e9nivel\u00e9 positif.<\/p>\n<p><strong>&gt;&gt;\u00a0<\/strong><a href=\"https:\/\/www.ledauphine.com\/sport\/calendrier-resultats\/rugby\/national-top-14\" target=\"_blank\" rel=\"noopener\"><strong>Les r\u00e9sultats, le classement et le calendrier de Top 14<\/strong><\/a><\/p>\n<p>Ce contenu est bloqu\u00e9 car vous n&rsquo;avez pas accept\u00e9 les cookies et autres traceurs.<\/p>\n<p>En cliquant sur \u00ab J\u2019accepte \u00bb, les cookies et autres traceurs seront d\u00e9pos\u00e9s et vous pourrez visualiser les contenus  (<a href=\"\" class=\"consentModule_policy\" target=\"_blank\" title=\"Consulter la politique de protection des donn\u00e9es du fournisseur\">plus d&rsquo;informations<\/a>).<\/p>\n<p>En cliquant sur \u00ab J\u2019accepte tous les cookies \u00bb, vous autorisez des d\u00e9p\u00f4ts de cookies et autres traceurs pour le stockage de vos donn\u00e9es sur nos sites et applications \u00e0 des fins de personnalisation et de ciblage publicitaire.<\/p>\n<p class=\"consentModule_secondaryText\">Vous gardez la possibilit\u00e9 de retirer votre consentement \u00e0 tout moment en consultant notre <a href=\"https:\/\/www.ledauphine.com\/protection-des-donnees\" target=\"_blank\" title=\"Consulter notre politique de protection des donn\u00e9es\" rel=\"noopener\">politique de protection des donn\u00e9es<\/a>. <br \/>&#13;<br \/>\n            <a href=\"https:\/\/www.ledauphine.com\/sport\/2025\/08\/24\/javascript:Didomi.notice.show()\" class=\"consentModule_cmp\" target=\"_blank\" rel=\"noopener\">G\u00e9rer mes choix<\/a>&#13;\n        <\/p>\n<p>&#13;<br \/>\n                        J&rsquo;accepte&#13;<br \/>\n            J&rsquo;accepte tous les cookies&#13;\n        <\/p>\n<p>  \u00ab\u00a0J&rsquo;ai pu me d\u00e9lester de quelques kilos\u00a0\u00bb<\/p>\n<p>\u00ab \u00c7a aura \u00e9t\u00e9 un d\u00e9passement physique et mental quotidien, avec son lot de surprises journali\u00e8res, a-t-il indiqu\u00e9 sur son compte Instagram. Quel bonheur d&rsquo;avoir pu d\u00e9couvrir toutes les facettes de l&rsquo;\u00cele de Beaut\u00e9, qui porte si bien son surnom, de par son c\u00f4t\u00e9 sauvage, voire hostile, mais aussi avec des paysages \u00e0 couper le souffle qui te font comprendre et relativiser l&rsquo;effort physique qu&rsquo;il faut faire afin de pouvoir les atteindre.\u00a0\u00bb\u00a0<\/p>\n<p>\u00ab\u00a0Je rentre chez moi bien plus l\u00e9ger, j&rsquo;ai pu me d\u00e9lester de quelques kilos mais aussi de pas mal de soucis perso, a-t-il confi\u00e9. Je ram\u00e8ne aussi et surtout un nombre incalculable de souvenirs qui resteront \u00e0 jamais grav\u00e9s dans ma m\u00e9moire.\u00a0\u00bb<\/p>\n","protected":false},"excerpt":{"rendered":"Des vacances loin d&rsquo;\u00eatre de tout repos. \u00c0 25 ans, Nathana\u00ebl Hulleu, form\u00e9 au FCG, s&rsquo;est lanc\u00e9 dans&hellip;\n","protected":false},"author":2,"featured_media":341054,"comment_status":"","ping_status":"","sticky":false,"template":"","format":"standard","meta":{"footnotes":""},"categories":[9566],"tags":[1111,11,2430,30885,112,9543,1777,674,47728,47729,2727,1701,1011,27,2731,2732,4638,108,30882,12,25,479,9541,9542,517,1947],"class_list":{"0":"post-341053","1":"post","2":"type-post","3":"status-publish","4":"format-standard","5":"has-post-thumbnail","7":"category-grenoble","8":"tag-actu","9":"tag-actualites","10":"tag-auvergne-rhone-alpes","11":"tag-bonneville","12":"tag-edition-grenoble-agglomeration","13":"tag-edition-mont-blanc-arve","14":"tag-eu","15":"tag-europe","16":"tag-faucigny","17":"tag-faucigny-bassin","18":"tag-fcg-fc-grenoble-rugby","19":"tag-fil-info-sport","20":"tag-fr","21":"tag-france","22":"tag-grenoble","23":"tag-grenoble-bassin","24":"tag-haute-savoie","25":"tag-isere","26":"tag-la-roche-sur-foron","27":"tag-news","28":"tag-republique-francaise","29":"tag-rugby","30":"tag-sallanches","31":"tag-sallanches-bassin","32":"tag-sport","33":"tag-sport-national"},"share_on_mastodon":{"url":"https:\/\/pubeurope.com\/@fr\/115084898045575708","error":""},"_links":{"self":[{"href":"https:\/\/www.europesays.com\/fr\/wp-json\/wp\/v2\/posts\/341053","targetHints":{"allow":["GET"]}}],"collection":[{"href":"https:\/\/www.europesays.com\/fr\/wp-json\/wp\/v2\/posts"}],"about":[{"href":"https:\/\/www.europesays.com\/fr\/wp-json\/wp\/v2\/types\/post"}],"author":[{"embeddable":true,"href":"https:\/\/www.europesays.com\/fr\/wp-json\/wp\/v2\/users\/2"}],"replies":[{"embeddable":true,"href":"https:\/\/www.europesays.com\/fr\/wp-json\/wp\/v2\/comments?post=341053"}],"version-history":[{"count":0,"href":"https:\/\/www.europesays.com\/fr\/wp-json\/wp\/v2\/posts\/341053\/revisions"}],"wp:featuredmedia":[{"embeddable":true,"href":"https:\/\/www.europesays.com\/fr\/wp-json\/wp\/v2\/media\/341054"}],"wp:attachment":[{"href":"https:\/\/www.europesays.com\/fr\/wp-json\/wp\/v2\/media?parent=341053"}],"wp:term":[{"taxonomy":"category","embeddable":true,"href":"https:\/\/www.europesays.com\/fr\/wp-json\/wp\/v2\/categories?post=341053"},{"taxonomy":"post_tag","embeddable":true,"href":"https:\/\/www.europesays.com\/fr\/wp-json\/wp\/v2\/tags?post=341053"}],"curies":[{"name":"wp","href":"https:\/\/api.w.org\/{rel}","templated":true}]}}