{"id":341055,"date":"2025-08-24T17:22:12","date_gmt":"2025-08-24T17:22:12","guid":{"rendered":"https:\/\/www.europesays.com\/fr\/341055\/"},"modified":"2025-08-24T17:22:12","modified_gmt":"2025-08-24T17:22:12","slug":"mon-plus-gros-defi-trouver-un-travail-a-rennes-darya-refugiee-ukrainienne-garde-espoir","status":"publish","type":"post","link":"https:\/\/www.europesays.com\/fr\/341055\/","title":{"rendered":"\u00ab\u00a0Mon plus gros d\u00e9fi\u00a0: trouver un travail\u00a0\u00bb\u00a0: \u00e0 Rennes, Darya, r\u00e9fugi\u00e9e ukrainienne, garde espoir"},"content":{"rendered":"<p>Ses mots et son message sont porteurs d\u2019espoir. Ce dimanche 24 ao\u00fbt, Daria Horiana, r\u00e9fugi\u00e9e ukrainienne de 35 ans, a touch\u00e9 les quelque 200 personnes r\u00e9unies au kiosque du parc du Thabor de Rennes (35). \u00c0 l\u2019occasion de la comm\u00e9moration de l\u2019ind\u00e9pendance de son pays, organis\u00e9e par l\u2019association \u00ab Solidarit\u00e9 Bretagne Ukraine \u00bb, elle a lu un po\u00e8me poignant intitul\u00e9 \u00ab Danse mon oiseau \u00bb. <\/p>\n<p>\u00c9crit par l\u2019invasion russe du 24 f\u00e9vrier 2022, il \u00e9voque la guerre et la r\u00e9sistance ukrainienne. \u00ab N\u2019oubliez pas que c\u2019est tr\u00e8s important de soutenir les Ukrainiens \u00bb, a-t-elle tenu \u00e0 rajouter \u00e0 la fin de notre rencontre. \u00ab La guerre est tr\u00e8s proche [de la France], nous ne voulons pas qu\u2019elle avance en Europe. \u00bb<\/p>\n<p>En deux ans, elle ma\u00eetrise d\u00e9j\u00e0 tr\u00e8s bien le fran\u00e7ais<\/p>\n<p>Elle n\u2019est arriv\u00e9e dans la capitale bretonne qu\u2019en mars 2022 et pourtant, son discours est fluide, presque totalement naturel. Elle a certes suivi des \u00e9tudes linguistiques en japonais et en espagnol \u00e0 l\u2019universit\u00e9 de Marioupol &#8211; une ville portuaire et industrielle de l\u2019oblast de Donetsk &#8211; mais ne parlait gu\u00e8re fran\u00e7ais \u00e0 son arriv\u00e9e en Bretagne. Hormis des formules de politesse de base, de \u00ab bonjour \u00bb \u00e0 \u00ab merci \u00bb en passant par \u00ab s\u2019il vous pla\u00eet \u00bb, mais rien de plus.<\/p>\n<blockquote><p>J\u2019ai d\u00e9pens\u00e9 beaucoup d\u2019\u00e9nergie pour apprendre la langue et m\u2019int\u00e9grer<\/p><\/blockquote>\n<p>D\u00e9barqu\u00e9e seule \u00e0 Rennes, laissant sa famille derri\u00e8re elle, Daria Horiana ne voulait pas \u00ab tomber n\u2019importe o\u00f9 \u00bb et d\u00e9cide donc de suivre une de ses amies de fac en langues celtiques.<\/p>\n<p>Depuis deux ans, elle a retrouv\u00e9 la qui\u00e9tude et la tranquillit\u00e9 qui \u00e9taient les siennes avant l\u2019envoi de troupes militaires russes en Ukraine. \u00ab C\u2019est tr\u00e8s sympa comme ville : ce n\u2019est ni trop grand, ni trop petit \u00bb, r\u00e9sume-t-elle parfaitement dans la langue de Moli\u00e8re. Elle fait de la danse, prend des cours de fran\u00e7ais, sort avec ses copines en ville. \u00ab Mais mon plus gros d\u00e9fi maintenant, c\u2019est de trouver un travail \u00bb, souffle-t-elle. Et d\u2019esp\u00e9rer : \u00ab Ensuite tout sera plus facile \u00bb.<\/p>\n<p>Elle cherche sans rel\u00e2che depuis un long moment mais aucune offre concr\u00e8te dans le domaine de la cr\u00e9ation des sites web ne lui a \u00e9t\u00e9 formul\u00e9e. \u00ab C\u2019est ma sp\u00e9cialisation et ma passion \u00bb, jure-t-elle. \u00ab J\u2019ai d\u00e9pens\u00e9 beaucoup d\u2019\u00e9nergie pour apprendre la langue et m\u2019int\u00e9grer \u00bb. Ne lui reste plus qu\u2019\u00e0 trouver un travail.<\/p>\n","protected":false},"excerpt":{"rendered":"Ses mots et son message sont porteurs d\u2019espoir. Ce dimanche 24 ao\u00fbt, Daria Horiana, r\u00e9fugi\u00e9e ukrainienne de 35&hellip;\n","protected":false},"author":2,"featured_media":341056,"comment_status":"","ping_status":"","sticky":false,"template":"","format":"standard","meta":{"footnotes":""},"categories":[2821],"tags":[1111,11,829,765,1777,674,1011,27,2069,848,12,584,25,132,220],"class_list":{"0":"post-341055","1":"post","2":"type-post","3":"status-publish","4":"format-standard","5":"has-post-thumbnail","7":"category-rennes","8":"tag-actu","9":"tag-actualites","10":"tag-bretagne","11":"tag-en-continu","12":"tag-eu","13":"tag-europe","14":"tag-fr","15":"tag-france","16":"tag-guerre-ukraine-russie","17":"tag-ille-et-vilaine","18":"tag-news","19":"tag-rennes","20":"tag-republique-francaise","21":"tag-russie","22":"tag-ukraine"},"share_on_mastodon":{"url":"https:\/\/pubeurope.com\/@fr\/115084902100871730","error":""},"_links":{"self":[{"href":"https:\/\/www.europesays.com\/fr\/wp-json\/wp\/v2\/posts\/341055","targetHints":{"allow":["GET"]}}],"collection":[{"href":"https:\/\/www.europesays.com\/fr\/wp-json\/wp\/v2\/posts"}],"about":[{"href":"https:\/\/www.europesays.com\/fr\/wp-json\/wp\/v2\/types\/post"}],"author":[{"embeddable":true,"href":"https:\/\/www.europesays.com\/fr\/wp-json\/wp\/v2\/users\/2"}],"replies":[{"embeddable":true,"href":"https:\/\/www.europesays.com\/fr\/wp-json\/wp\/v2\/comments?post=341055"}],"version-history":[{"count":0,"href":"https:\/\/www.europesays.com\/fr\/wp-json\/wp\/v2\/posts\/341055\/revisions"}],"wp:featuredmedia":[{"embeddable":true,"href":"https:\/\/www.europesays.com\/fr\/wp-json\/wp\/v2\/media\/341056"}],"wp:attachment":[{"href":"https:\/\/www.europesays.com\/fr\/wp-json\/wp\/v2\/media?parent=341055"}],"wp:term":[{"taxonomy":"category","embeddable":true,"href":"https:\/\/www.europesays.com\/fr\/wp-json\/wp\/v2\/categories?post=341055"},{"taxonomy":"post_tag","embeddable":true,"href":"https:\/\/www.europesays.com\/fr\/wp-json\/wp\/v2\/tags?post=341055"}],"curies":[{"name":"wp","href":"https:\/\/api.w.org\/{rel}","templated":true}]}}