{"id":341057,"date":"2025-08-24T17:23:09","date_gmt":"2025-08-24T17:23:09","guid":{"rendered":"https:\/\/www.europesays.com\/fr\/341057\/"},"modified":"2025-08-24T17:23:09","modified_gmt":"2025-08-24T17:23:09","slug":"christopher-wooh-a-fini-a-lhopital-apres-son-expulsion-a-lorient","status":"publish","type":"post","link":"https:\/\/www.europesays.com\/fr\/341057\/","title":{"rendered":"Christopher Wooh a fini \u00e0 l\u2019h\u00f4pital apr\u00e8s son expulsion \u00e0 Lorient"},"content":{"rendered":"<p>Ce n\u2019\u00e9tait pas la journ\u00e9e de <a href=\"https:\/\/www.footmercato.net\/joueur\/christopher-wooh\/\" rel=\"nofollow noopener\" target=\"_blank\">Christopher Wooh<\/a>. Apr\u00e8s une rencontre compl\u00e8tement rat\u00e9e \u00e0 Lorient cet apr\u00e8s-midi, Christopher Wooh (23 ans) s\u2019est vu \u00eatre expuls\u00e9 apr\u00e8s un tacle trop appuy\u00e9 sur Aiyegun Tosin. Le d\u00e9fenseur rennais, expuls\u00e9 apr\u00e8s seulement onze minutes de jeu, a laiss\u00e9 son \u00e9quipe \u00e0 neuf contre onze, puisque Madhi Camara avait \u00e9galement pris un carton rouge \u00e0 la 6e minute. Peu de temps apr\u00e8s, le d\u00e9fenseur central de 23 ans a laiss\u00e9 \u00e9clater sa frustration dans les couloirs du stade.<\/p>\n<p>            La suite apr\u00e8s cette publicit\u00e9<\/p>\n<p>Dans un geste d\u2019\u00e9nervement apr\u00e8s son expulsion, il se serait ouvert au niveau de la main, vraisemblablement en tapant contre un mur ou une vitre, selon les informations du Parisien. Le joueur rennais a rapidement \u00e9t\u00e9 conduit \u00e0 l\u2019h\u00f4pital afin de recevoir des soins apr\u00e8s ce triste geste. R\u00e9sultat : plusieurs points de suture pour Christopher Wooh, qui sera logiquement suspendu au moins pour le d\u00e9placement sur la pelouse d\u2019Angers, lors de la troisi\u00e8me journ\u00e9e du Championnat. Un dimanche \u00e0 oublier pour le Stade Rennais, <a href=\"https:\/\/www.footmercato.net\/a7068292328311338192-l1-reduit-a-9-le-stade-rennais-secroule-dans-le-derby-face-a-lorient\" rel=\"nofollow noopener\" target=\"_blank\">battu 4-0 lors du derby<\/a>.<\/p>\n<p>\n    Pub. le 24\/08\/2025 18:56<br \/>\n            &#8211; MAJ le 24\/08\/2025 19:15\n    <\/p>\n","protected":false},"excerpt":{"rendered":"Ce n\u2019\u00e9tait pas la journ\u00e9e de Christopher Wooh. Apr\u00e8s une rencontre compl\u00e8tement rat\u00e9e \u00e0 Lorient cet apr\u00e8s-midi, Christopher&hellip;\n","protected":false},"author":2,"featured_media":341058,"comment_status":"","ping_status":"","sticky":false,"template":"","format":"standard","meta":{"footnotes":""},"categories":[2821],"tags":[1111,11,829,1777,674,1011,27,12,584,25],"class_list":{"0":"post-341057","1":"post","2":"type-post","3":"status-publish","4":"format-standard","5":"has-post-thumbnail","7":"category-rennes","8":"tag-actu","9":"tag-actualites","10":"tag-bretagne","11":"tag-eu","12":"tag-europe","13":"tag-fr","14":"tag-france","15":"tag-news","16":"tag-rennes","17":"tag-republique-francaise"},"share_on_mastodon":{"url":"https:\/\/pubeurope.com\/@fr\/115084906095176337","error":""},"_links":{"self":[{"href":"https:\/\/www.europesays.com\/fr\/wp-json\/wp\/v2\/posts\/341057","targetHints":{"allow":["GET"]}}],"collection":[{"href":"https:\/\/www.europesays.com\/fr\/wp-json\/wp\/v2\/posts"}],"about":[{"href":"https:\/\/www.europesays.com\/fr\/wp-json\/wp\/v2\/types\/post"}],"author":[{"embeddable":true,"href":"https:\/\/www.europesays.com\/fr\/wp-json\/wp\/v2\/users\/2"}],"replies":[{"embeddable":true,"href":"https:\/\/www.europesays.com\/fr\/wp-json\/wp\/v2\/comments?post=341057"}],"version-history":[{"count":0,"href":"https:\/\/www.europesays.com\/fr\/wp-json\/wp\/v2\/posts\/341057\/revisions"}],"wp:featuredmedia":[{"embeddable":true,"href":"https:\/\/www.europesays.com\/fr\/wp-json\/wp\/v2\/media\/341058"}],"wp:attachment":[{"href":"https:\/\/www.europesays.com\/fr\/wp-json\/wp\/v2\/media?parent=341057"}],"wp:term":[{"taxonomy":"category","embeddable":true,"href":"https:\/\/www.europesays.com\/fr\/wp-json\/wp\/v2\/categories?post=341057"},{"taxonomy":"post_tag","embeddable":true,"href":"https:\/\/www.europesays.com\/fr\/wp-json\/wp\/v2\/tags?post=341057"}],"curies":[{"name":"wp","href":"https:\/\/api.w.org\/{rel}","templated":true}]}}