{"id":341059,"date":"2025-08-24T17:24:14","date_gmt":"2025-08-24T17:24:14","guid":{"rendered":"https:\/\/www.europesays.com\/fr\/341059\/"},"modified":"2025-08-24T17:24:14","modified_gmt":"2025-08-24T17:24:14","slug":"courrier-des-lecteurs-place-de-letoile-saturee-mesaventure-sncf-camp-du-heyritz-cest-vous-qui-le-dites","status":"publish","type":"post","link":"https:\/\/www.europesays.com\/fr\/341059\/","title":{"rendered":"Courrier des lecteurs. Place de l&rsquo;\u00c9toile satur\u00e9e, m\u00e9saventure SNCF, camp du Heyritz&#8230; c&rsquo;est vous qui le dites"},"content":{"rendered":"<p>  La place de l\u2019\u00c9toile plus que satur\u00e9e\u2026<\/p>\n<p><strong>Sandra Jacob\u200a:<\/strong><\/p>\n<p>\u00ab\u200aJe souhaite m\u2019exprimer sur les changements de circulation entre l\u2019ouest de Strasbourg et le secteur <a href=\"https:\/\/www.dna.fr\/societe\/2025\/08\/21\/demandeurs-d-asile-la-ville-construit-un-immeuble-pour-les-accueillir\" target=\"_blank\" rel=\"noopener\">Kehl <\/a>&#8211; Rives de l\u2019\u00c9toile\u2026 Ce qui s\u2019est pass\u00e9 cet \u00e9t\u00e9 est ubuesque\u200a! \u00c0 savoir obliger les automobilistes venant de l\u2019ouest \u00e0 l\u2019est \u00e0 passer par une place de l\u2019\u00c9toile plus que satur\u00e9e\u200a! Jamais de souci de circulation jusqu\u2019alors\u2026 Alors pourquoi ces modifications de circulation\u200a? Pourquoi obliger le flot de v\u00e9hicules \u00e0 emprunter un axe lui-m\u00eame satur\u00e9 et au risque de bloquer la circulation m\u00eame du tramway\u200a!<\/p>\n<p>Encore un budget gaspill\u00e9 pour rien\u2026 Des d\u00e9penses inutiles et d\u00e9j\u00e0 controvers\u00e9es alors que la rentr\u00e9e n\u2019est pas encore pass\u00e9e.\u200a\u00bb<\/p>\n<p>  Une piste cyclable mal entretenue<\/p>\n<p><strong>Jean Fisch, Strasbourg\u200a:<\/strong><\/p>\n<p>\u00ab\u200aJe voudrais signaler le manque de nettoyage et d\u2019entretien de <a href=\"https:\/\/www.dna.fr\/politique\/2025\/08\/08\/malgre-les-reticences-les-travaux-de-la-piste-cyclable-de-la-montagne-verte-lances\" target=\"_blank\" rel=\"noopener\">la piste cyclable<\/a> qui va de la station de lavage \u00c9l\u00e9phant Bleu, rue de Rouen, \u00e0 la rue de Dunkerque.Cette piste est d\u2019une grande s\u00e9curit\u00e9 pour les pi\u00e9tons et les cyclistes. Elle \u00e9vite de prendre la rue du Commerce tr\u00e8s charg\u00e9e par de tr\u00e8s nombreux camions-citernes, entre autres.<\/p>\n<p>Malgr\u00e9 mes nombreux appels aupr\u00e8s de la mairie (service propret\u00e9) depuis le 7\u00a0janvier, un petit nettoyage a \u00e9t\u00e9 effectu\u00e9 le 25\u00a0mai par les services de la municipalit\u00e9. L\u2019\u00e9lagage et la tonte ont \u00e9t\u00e9 men\u00e9s par le port aux p\u00e9troles. La mairie me r\u00e9pond toujours avec gentillesse. Elle a toujours adress\u00e9 de nombreux mails au service concern\u00e9 qui lui ne r\u00e9agit pas.\u200a\u00bb<\/p>\n<p>  L\u2019insupportable \u00e9vacuation du campement de migrants<\/p>\n<p><strong>Nadine Muller, Strasbourg, r\u00e9agit \u00e0 <a href=\"https:\/\/www.dna.fr\/faits-divers-justice\/2025\/08\/12\/le-campement-du-parc-du-heyritz-evacue-au-petit-matin-par-la-police\" target=\"_blank\" rel=\"noopener\">l\u2019\u00e9vacuation par la police du campement du parc du Heyritz<\/a> :<\/strong><\/p>\n<p>\u00ab\u200aL\u2019Ukraine, Gaza, c\u2019est loin\u2026Mais quand c\u2019est \u00e0 Strasbourg, sous nos yeux, que des drames humains se d\u00e9roulent et se r\u00e9p\u00e8tent\u200a! Comment peut-on encore supporter et accepter ces \u201c\u00e9vacuations\u201d, ces \u201cd\u00e9mant\u00e8lements\u201d \u00e0 r\u00e9p\u00e9tition, de camps de \u201cmigrants\u201d, \u201cd\u2019exil\u00e9s\u201d\u200a? Sans oublier, cet hiver, le scandale de ces enfants et ces jeunes scolaris\u00e9s qui dormaient dans la rue\u200a! Pourquoi toujours des solutions provisoires, d\u2019urgence (r\u00e9quisitions de gymnases)\u200a? Est-ce pour se donner bonne conscience\u200a?<\/p>\n<p>Alors que des millions sont utilis\u00e9s pour des projets futiles, \u00e9ph\u00e9m\u00e8res (400\u200a000\u00a0euros, para\u00eet-il, pour \u201cLa for\u00eat\u201d de la place du Ch\u00e2teau)\u2026 Pourquoi les associations ne sont ni aid\u00e9es ni \u00e9cout\u00e9es\u200a? Comment se fait-il que \u201cdans la ville des droits de l\u2019Homme\u201d des personnes ayant le statut de r\u00e9fugi\u00e9s ne trouvent pas de solution d\u2019h\u00e9bergement et que la pr\u00e9fecture ait le projet de fermer 704 places\u200a? C\u2019est d\u00e9sesp\u00e9rant et insupportable\u200a!\u200a\u00bb<\/p>\n<p>  Vive l\u2019Europe du rail\u200a!<\/p>\n<p><strong>Andr\u00e9 B\u00e9cherand, Strasbourg\u200a:<\/strong><\/p>\n<p>\u00ab\u200aLa m\u00eame \u201cm\u00e9saventure\u201d m\u2019\u00e9tait d\u00e9j\u00e0 arriv\u00e9e en d\u00e9cembre dernier lorsque je voulais prendre un billet de train pour Vienne (Autriche). Cette fois encore, <a href=\"https:\/\/www.dna.fr\/economie\/2025\/08\/05\/gare-de-strasbourg-nouveau-regime-pour-l-acces-aux-guichets-tgv-inoui\" target=\"_blank\" rel=\"noopener\">le bureau des r\u00e9servations SNCF de la gare centrale de Strasbourg<\/a> r\u00e9cidive. Alors que je souhaitais un billet Strasbourg-a\u00e9roport de Zurich, la responsable du site se confond en excuses et d\u00e9clare\u200a: \u201cJadis c\u2019\u00e9tait possible, mais avec notre nouveau syst\u00e8me informatique c\u2019est d\u00e9sormais impossible d\u2019obtenir un billet pour l\u2019\u00e9tranger, sauf si c\u2019est pour un train au d\u00e9part de Strasbourg, par exemple pour Francfort\u201d .<\/p>\n<p>Et l\u2019aimable interlocutrice d\u2019ajouter\u200a: \u201cMais allez donc \u00e0 la gare de Kehl, l\u00e0 ils vous procureront le billet, m\u00eame si le parcours ne passe pas par l\u2019Allemagne\u201d. Un comble\u200a! Est-on au XXIe\u00a0\u00a0si\u00e8cle \u00e0 l\u2019heure du num\u00e9rique\u200a? Et la Suisse est frontali\u00e8re, et Zurich n\u2019est qu\u2019\u00e0 un peu plus de 200\u00a0km\u200a! La SNCF, qui a visiblement \u201cun train de retard\u201d a-t-elle conscience que Strasbourg est une capitale dite europ\u00e9enne\u200a? Et un outil informatique cela se modifie ou se change\u200a!\u200a\u00bb<\/p>\n<p>  Pesticides\u200a: o\u00f9 est la logique\u200a?<\/p>\n<p><strong>Laurent Heim, Strasbourg\u2009:<\/strong><\/p>\n<p>\u00ab\u2009<a href=\"https:\/\/www.dna.fr\/economie\/2025\/08\/20\/operation-rayons-vides-des-agriculteurs-pour-retirer-des-produits-contenant-de-l-acetamipride-des-magasins\" target=\"_blank\" rel=\"noopener\">Un produit phytosanitaire, interdit en France pour prot\u00e9ger les consommateurs<\/a>, mais autoris\u00e9 dans les 26 autres pays europ\u00e9ens, va emp\u00eacher les agriculteurs fran\u00e7ais de produire en quantit\u00e9 suffisante. Nous allons donc importer depuis l\u2019Europe pour alimenter le march\u00e9 destin\u00e9 aux consommateurs.<\/p>\n<p>Donc, le consommateur fran\u00e7ais, prot\u00e9g\u00e9 gr\u00e2ce \u00e0 la mort de ses agriculteurs, consommera n\u00e9anmoins le produit interdit en France.O\u00f9 est la logique\u200a? Les 26 autres pays europ\u00e9ens sont-ils des assassins pour leurs citoyens\u200a?\u200a\u00bb<\/p>\n","protected":false},"excerpt":{"rendered":"La place de l\u2019\u00c9toile plus que satur\u00e9e\u2026 Sandra Jacob\u200a: \u00ab\u200aJe souhaite m\u2019exprimer sur les changements de circulation entre&hellip;\n","protected":false},"author":2,"featured_media":341060,"comment_status":"","ping_status":"","sticky":false,"template":"","format":"standard","meta":{"footnotes":""},"categories":[2820],"tags":[1111,11,2880,1777,674,274,107,1011,27,775,14871,12,25,104,640,2803,800],"class_list":{"0":"post-341059","1":"post","2":"type-post","3":"status-publish","4":"format-standard","5":"has-post-thumbnail","7":"category-strasbourg","8":"tag-actu","9":"tag-actualites","10":"tag-edition-strasbourg","11":"tag-eu","12":"tag-europe","13":"tag-faits-divers-justice","14":"tag-fil-info","15":"tag-fr","16":"tag-france","17":"tag-grand-est","18":"tag-kehl","19":"tag-news","20":"tag-republique-francaise","21":"tag-societe","22":"tag-strasbourg","23":"tag-transport","24":"tag-transports"},"share_on_mastodon":{"url":"https:\/\/pubeurope.com\/@fr\/115084909950397868","error":""},"_links":{"self":[{"href":"https:\/\/www.europesays.com\/fr\/wp-json\/wp\/v2\/posts\/341059","targetHints":{"allow":["GET"]}}],"collection":[{"href":"https:\/\/www.europesays.com\/fr\/wp-json\/wp\/v2\/posts"}],"about":[{"href":"https:\/\/www.europesays.com\/fr\/wp-json\/wp\/v2\/types\/post"}],"author":[{"embeddable":true,"href":"https:\/\/www.europesays.com\/fr\/wp-json\/wp\/v2\/users\/2"}],"replies":[{"embeddable":true,"href":"https:\/\/www.europesays.com\/fr\/wp-json\/wp\/v2\/comments?post=341059"}],"version-history":[{"count":0,"href":"https:\/\/www.europesays.com\/fr\/wp-json\/wp\/v2\/posts\/341059\/revisions"}],"wp:featuredmedia":[{"embeddable":true,"href":"https:\/\/www.europesays.com\/fr\/wp-json\/wp\/v2\/media\/341060"}],"wp:attachment":[{"href":"https:\/\/www.europesays.com\/fr\/wp-json\/wp\/v2\/media?parent=341059"}],"wp:term":[{"taxonomy":"category","embeddable":true,"href":"https:\/\/www.europesays.com\/fr\/wp-json\/wp\/v2\/categories?post=341059"},{"taxonomy":"post_tag","embeddable":true,"href":"https:\/\/www.europesays.com\/fr\/wp-json\/wp\/v2\/tags?post=341059"}],"curies":[{"name":"wp","href":"https:\/\/api.w.org\/{rel}","templated":true}]}}