{"id":341063,"date":"2025-08-24T17:26:10","date_gmt":"2025-08-24T17:26:10","guid":{"rendered":"https:\/\/www.europesays.com\/fr\/341063\/"},"modified":"2025-08-24T17:26:10","modified_gmt":"2025-08-24T17:26:10","slug":"on-touche-la-bassesse-de-lhumanite-faux-policiers-et-fausse-assistante-sociale-ils-depouillaient-les-personnes-agees-sur-la-cote-dazur","status":"publish","type":"post","link":"https:\/\/www.europesays.com\/fr\/341063\/","title":{"rendered":"\u00ab\u00a0On touche la bassesse de l\u2019humanit\u00e9\u00a0\u00bb: faux policiers et fausse assistante sociale, ils d\u00e9pouillaient les personnes \u00e2g\u00e9es sur la C\u00f4te d&rsquo;Azur"},"content":{"rendered":"<p>Pour r\u00e9ussir \u00e0 p\u00e9n\u00e9trer au domicile de personnes \u00e2g\u00e9es, voire tr\u00e8s \u00e2g\u00e9es, trois individus, deux hommes et une femme, se faisaient passer pour de faux policiers ou des faux assistants sociaux. Ils en profitaient pour d\u00e9pouiller leurs victimes de bijoux, objets personnels, sommes d\u2019argent en num\u00e9raire. L\u2019une d\u2019elles a ainsi \u00e9t\u00e9 d\u00e9lest\u00e9e de toutes ses \u00e9conomies, soit 10.000 euros en esp\u00e8ce.<\/p>\n<p>Les faits ont \u00e9t\u00e9 perp\u00e9tr\u00e9s \u00e0 Antibes, Nice et Cannes, entre le 24 juillet et le 18 ao\u00fbt, jour de leur interpellation, apr\u00e8s une minutieuse enqu\u00eate men\u00e9e par la police judiciaire. D\u00e9f\u00e9r\u00e9s ce mercredi au parquet, ils ont comparu dans l\u2019apr\u00e8s-midi devant le tribunal correctionnel de Nice o\u00f9 ils ont demand\u00e9 un d\u00e9lai pour pr\u00e9parer leur d\u00e9fense. Tous trois seront jug\u00e9s le 27 octobre. Le tribunal, pr\u00e9sid\u00e9 par Christian Legay, a prononc\u00e9 leur incarc\u00e9ration jusqu\u2019\u00e0 cette date.<\/p>\n<p>\u00ab\u00a0Ce dossier est abject\u00a0\u00bb<\/p>\n<p>\u00ab\u00a0Ce dossier est abject. On touche du doigt la bassesse de l\u2019humanit\u00e9 avec des pr\u00e9venus qui s\u2019en prennent \u00e0 des victimes n\u00e9es en 1933, 1935, 1939, 1940. Je me mets \u00e0 la place de ces dames, qui, pour certaines ont connu la Seconde Guerre mondiale, et qui sont tranquillement chez elles. Rien ne justifie qu\u2019on s\u2019en prenne \u00e0 nos a\u00een\u00e9s\u00a0\u00bb, s\u2019indigne le procureur de la R\u00e9publique Fabien S\u00e9zanne, \u00e9c\u0153ur\u00e9 par le mode op\u00e9ratoire des trois mis en cause &#8211; une femme de 55 ans, son \u00e9poux de 66 ans et un complice de 74 ans &#8211; aux nombreux ant\u00e9c\u00e9dents judiciaires. Il a requis &#8211; et obtenu &#8211; leur placement en d\u00e9tention provisoire.<\/p>\n<p>Tous trois, issus de la communaut\u00e9 des gens du voyage, r\u00e9sident en Seine-Saint-Denis, mais s\u00e9journaient dans un camping de Fr\u00e9jus.<\/p>\n<p>\u00ab\u00a0Atteinte de cleptomanie irr\u00e9pressible\u00a0\u00bb<\/p>\n<p>\u00ab\u00a0Mon client, \u00e2g\u00e9 de 74 ans, pr\u00e9sente des \u00e9tats anxiod\u00e9pressifs, avec une alt\u00e9ration de ses fonctions cognitives et des \u00e9pisodes d\u00e9pressifs s\u00e9v\u00e8res. Pour lui, la d\u00e9tention est dangereuse et inappropri\u00e9e\u00a0\u00bb, argumente Me Carole Mazzetti.<\/p>\n<p>\u00ab\u00a0Ma cliente est affect\u00e9e de cleptomanie irr\u00e9pressible dont elle a conscience et dont elle a honte. Elle a fait deux malaises au cours de sa garde \u00e0 vue. La d\u00e9tention n\u2019est pas possible\u00a0\u00bb, plaide l\u2019avocate de la quinquag\u00e9naire, d\u00e9gainant le certificat m\u00e9dical d\u2019un psychiatre.<\/p>\n<p>Son \u00e9poux \u00ab\u00a0a une entreprise de travaux de toiture\u00a0\u00bb, indique Me Nicolas Mir pour sa d\u00e9fense.<\/p>\n<p>\u00ab\u00a0Si je pars en prison, je perds tout alors que j\u2019\u00e9tais en train de remonter la pente\u00a0\u00bb, ajoute son client, dont les larmes n\u2019ont pas attendri le tribunal.<\/p>\n","protected":false},"excerpt":{"rendered":"Pour r\u00e9ussir \u00e0 p\u00e9n\u00e9trer au domicile de personnes \u00e2g\u00e9es, voire tr\u00e8s \u00e2g\u00e9es, trois individus, deux hommes et une&hellip;\n","protected":false},"author":2,"featured_media":341064,"comment_status":"","ping_status":"","sticky":false,"template":"","format":"standard","meta":{"footnotes":""},"categories":[2819],"tags":[1111,11,1777,674,1011,27,303,12,2401,882,25],"class_list":{"0":"post-341063","1":"post","2":"type-post","3":"status-publish","4":"format-standard","5":"has-post-thumbnail","7":"category-nice","8":"tag-actu","9":"tag-actualites","10":"tag-eu","11":"tag-europe","12":"tag-fr","13":"tag-france","14":"tag-justice","15":"tag-news","16":"tag-nice","17":"tag-provence-alpes-cote-dazur","18":"tag-republique-francaise"},"share_on_mastodon":{"url":"https:\/\/pubeurope.com\/@fr\/115084918067979786","error":""},"_links":{"self":[{"href":"https:\/\/www.europesays.com\/fr\/wp-json\/wp\/v2\/posts\/341063","targetHints":{"allow":["GET"]}}],"collection":[{"href":"https:\/\/www.europesays.com\/fr\/wp-json\/wp\/v2\/posts"}],"about":[{"href":"https:\/\/www.europesays.com\/fr\/wp-json\/wp\/v2\/types\/post"}],"author":[{"embeddable":true,"href":"https:\/\/www.europesays.com\/fr\/wp-json\/wp\/v2\/users\/2"}],"replies":[{"embeddable":true,"href":"https:\/\/www.europesays.com\/fr\/wp-json\/wp\/v2\/comments?post=341063"}],"version-history":[{"count":0,"href":"https:\/\/www.europesays.com\/fr\/wp-json\/wp\/v2\/posts\/341063\/revisions"}],"wp:featuredmedia":[{"embeddable":true,"href":"https:\/\/www.europesays.com\/fr\/wp-json\/wp\/v2\/media\/341064"}],"wp:attachment":[{"href":"https:\/\/www.europesays.com\/fr\/wp-json\/wp\/v2\/media?parent=341063"}],"wp:term":[{"taxonomy":"category","embeddable":true,"href":"https:\/\/www.europesays.com\/fr\/wp-json\/wp\/v2\/categories?post=341063"},{"taxonomy":"post_tag","embeddable":true,"href":"https:\/\/www.europesays.com\/fr\/wp-json\/wp\/v2\/tags?post=341063"}],"curies":[{"name":"wp","href":"https:\/\/api.w.org\/{rel}","templated":true}]}}