{"id":341068,"date":"2025-08-24T17:29:27","date_gmt":"2025-08-24T17:29:27","guid":{"rendered":"https:\/\/www.europesays.com\/fr\/341068\/"},"modified":"2025-08-24T17:29:27","modified_gmt":"2025-08-24T17:29:27","slug":"la-conductrice-dun-tramway-sous-le-choc-apres-une-collision-avec-une-voiture-a-nantes","status":"publish","type":"post","link":"https:\/\/www.europesays.com\/fr\/341068\/","title":{"rendered":"La conductrice d\u2019un tramway sous le choc apr\u00e8s une collision avec une voiture \u00e0 Nantes"},"content":{"rendered":"<p class=\"article__intro\">Ce dimanche 24 ao\u00fbt, un tramway de Nantes a d\u00e9raill\u00e9 apr\u00e8s une collision avec une voiture pr\u00e8s de l\u2019arr\u00eat Croix-Bonneau. La conductrice du tramway est sous le choc, tandis que la conductrice de la voiture a \u00e9t\u00e9 bless\u00e9e et transport\u00e9e \u00e0 l\u2019h\u00f4pital.<\/p>\n<p>\n      L\u2019actu des r\u00e9gions\n    <\/p>\n<p>\n      Chaque jour, un tour d\u2019horizon des principales infos de toutes les r\u00e9gions.\n    <\/p>\n<p>    France T\u00e9l\u00e9visions utilise votre adresse e-mail afin de vous envoyer la newsletter \u00ab\u00a0L\u2019actu des r\u00e9gions\u00a0\u00bb. Vous pouvez vous d\u00e9sinscrire \u00e0 tout moment via le lien en bas de cette newsletter. <a target=\"_blank\" href=\"https:\/\/www.francetelevisions.fr\/groupe\/confidentialite\/politique-de-confidentialite\/politique-de-confidentialite-de-france-televisions-6503\" rel=\"nofollow noopener\">Notre politique de confidentialit\u00e9<\/a><\/p>\n<p data-start=\"60\" data-end=\"220\">La conductrice du tramway est sous le choc. Une collision avec une voiture a fait d\u00e9railler le tramway de Nantes ce dimanche 24 ao\u00fbt, aux alentours de 9 heures 30.<\/p>\n<p data-start=\"222\" data-end=\"603\">L\u2019accident a eu lieu pr\u00e8s de l\u2019arr\u00eat Croix-Bonneau, \u00e0 proximit\u00e9 du centre-ville, indique un syndicaliste FO de Semitan contact\u00e9 par France 3 Pays de la Loire, confirmant une information de ICI Loire-Oc\u00e9an.<\/p>\n<\/p>\n<p data-start=\"222\" data-end=\"603\">\u00ab\u00a0Notre coll\u00e8gue est particuli\u00e8rement choqu\u00e9e parce que la conductrice du v\u00e9hicule percut\u00e9 a \u00e9t\u00e9 gri\u00e8vement bless\u00e9e et transport\u00e9e \u00e0 l\u2019h\u00f4pital\u00a0\u00bb, d\u00e9taille le syndicaliste.<\/p>\n<p>Aucun passager du tramway n\u2019a \u00e9t\u00e9 bless\u00e9. Le tramway a \u00e9t\u00e9 remis sur les rails, mais le trafic a \u00e9t\u00e9 interrompu pendant plusieurs heures entre l&rsquo;arr\u00eat Croix-Bonneau et Jamet. Il est d\u00e9sormais r\u00e9tabli.<\/p>\n<p data-start=\"605\" data-end=\"819\">Une enqu\u00eate a \u00e9t\u00e9 ouverte pour d\u00e9terminer les circonstances de l\u2019accident.<\/p>\n<p data-start=\"605\" data-end=\"819\"><strong>Retrouvez-nous\u00a0sur nos r\u00e9seaux sociaux et sur\u00a0<\/strong><a href=\"https:\/\/www.france.tv\/france-3\/pays-de-la-loire\/\" target=\"_blank\" rel=\"noopener nofollow\"><strong>france.tv<\/strong><\/a><\/p>\n","protected":false},"excerpt":{"rendered":"Ce dimanche 24 ao\u00fbt, un tramway de Nantes a d\u00e9raill\u00e9 apr\u00e8s une collision avec une voiture pr\u00e8s de&hellip;\n","protected":false},"author":2,"featured_media":341069,"comment_status":"","ping_status":"","sticky":false,"template":"","format":"standard","meta":{"footnotes":""},"categories":[2818],"tags":[1111,11,1777,674,1011,27,766,12,2636,25],"class_list":{"0":"post-341068","1":"post","2":"type-post","3":"status-publish","4":"format-standard","5":"has-post-thumbnail","7":"category-nantes","8":"tag-actu","9":"tag-actualites","10":"tag-eu","11":"tag-europe","12":"tag-fr","13":"tag-france","14":"tag-nantes","15":"tag-news","16":"tag-pays-de-la-loire","17":"tag-republique-francaise"},"share_on_mastodon":{"url":"https:\/\/pubeurope.com\/@fr\/115084929512851834","error":""},"_links":{"self":[{"href":"https:\/\/www.europesays.com\/fr\/wp-json\/wp\/v2\/posts\/341068","targetHints":{"allow":["GET"]}}],"collection":[{"href":"https:\/\/www.europesays.com\/fr\/wp-json\/wp\/v2\/posts"}],"about":[{"href":"https:\/\/www.europesays.com\/fr\/wp-json\/wp\/v2\/types\/post"}],"author":[{"embeddable":true,"href":"https:\/\/www.europesays.com\/fr\/wp-json\/wp\/v2\/users\/2"}],"replies":[{"embeddable":true,"href":"https:\/\/www.europesays.com\/fr\/wp-json\/wp\/v2\/comments?post=341068"}],"version-history":[{"count":0,"href":"https:\/\/www.europesays.com\/fr\/wp-json\/wp\/v2\/posts\/341068\/revisions"}],"wp:featuredmedia":[{"embeddable":true,"href":"https:\/\/www.europesays.com\/fr\/wp-json\/wp\/v2\/media\/341069"}],"wp:attachment":[{"href":"https:\/\/www.europesays.com\/fr\/wp-json\/wp\/v2\/media?parent=341068"}],"wp:term":[{"taxonomy":"category","embeddable":true,"href":"https:\/\/www.europesays.com\/fr\/wp-json\/wp\/v2\/categories?post=341068"},{"taxonomy":"post_tag","embeddable":true,"href":"https:\/\/www.europesays.com\/fr\/wp-json\/wp\/v2\/tags?post=341068"}],"curies":[{"name":"wp","href":"https:\/\/api.w.org\/{rel}","templated":true}]}}